{"id":111536,"date":"2025-12-04T05:38:01","date_gmt":"2025-12-04T05:38:01","guid":{"rendered":"https:\/\/mardinhaberyolu.com\/?p=111536"},"modified":"2025-12-04T05:38:01","modified_gmt":"2025-12-04T05:38:01","slug":"mardinsporda-bursa-maci-mesaisi","status":"publish","type":"post","link":"https:\/\/mardinhaberyolu.com\/?p=111536","title":{"rendered":"Mardinspor\u2019da Bursa Ma\u00e7\u0131 Mesaisi"},"content":{"rendered":"<p>Nesine 2. Lig K\u0131rm\u0131z\u0131 Grup\u2019ta 32 puanla lider durumda bulunan Mardin 1969 Spor, 6 Aral\u0131k Cumartesi g\u00fcn\u00fc saat 13.00\u2019te K\u0131z\u0131ltepe \u0130l\u00e7e Stad\u0131\u2019nda g\u00fc\u00e7l\u00fc rakibi Bursaspor\u2019u konuk edecek. Ligde 28 puanla ikinci s\u0131rada yer alan Bursa temsilcisi, Mardin ekibinin 4 puan gerisinde zirve takibini s\u00fcrd\u00fcr\u00fcyor.<br \/>\nTeknik Direkt\u00f6r Ahmet Cing\u00f6z y\u00f6netiminde haz\u0131rl\u0131klar\u0131n\u0131 s\u00fcrd\u00fcren k\u0131rm\u0131z\u0131-lacivertliler, eksiklere ra\u011fmen kendi saha avantaj\u0131n\u0131 kullanarak kritik kar\u015f\u0131la\u015fmadan galibiyetle ayr\u0131lmay\u0131 hedefliyor.<br \/>\nM\u00fccadelenin, iki tak\u0131m\u0131n zirve hesaplar\u0131 a\u00e7\u0131s\u0131ndan b\u00fcy\u00fck \u00f6neme sahip oldu\u011fu biliniyor.<\/p>\n<p><img fetchpriority=\"high\" decoding=\"async\" class=\"alignnone size-medium wp-image-111538\" src=\"https:\/\/mardinhaberyolu.com\/wp-content\/uploads\/2025\/12\/m2-229x300.jpg\" alt=\"\" width=\"229\" height=\"300\" srcset=\"https:\/\/mardinhaberyolu.com\/wp-content\/uploads\/2025\/12\/m2-229x300.jpg 229w, https:\/\/mardinhaberyolu.com\/wp-content\/uploads\/2025\/12\/m2-781x1024.jpg 781w, https:\/\/mardinhaberyolu.com\/wp-content\/uploads\/2025\/12\/m2-768x1007.jpg 768w, https:\/\/mardinhaberyolu.com\/wp-content\/uploads\/2025\/12\/m2-1171x1536.jpg 1171w, https:\/\/mardinhaberyolu.com\/wp-content\/uploads\/2025\/12\/m2.jpg 1220w\" sizes=\"(max-width: 229px) 100vw, 229px\" \/><\/p>\n<p>B\u00fclten<\/p>\n","protected":false},"excerpt":{"rendered":"<p>K\u0131rm\u0131z\u0131-lacivertliler, zirve yar\u0131\u015f\u0131n\u0131 yak\u0131ndan ilgilendiren m\u00fccadelede ikinci s\u0131radaki Bursaspor\u2019u yenerek avantaj\u0131n\u0131 s\u00fcrd\u00fcrmek istiyor.<\/p>\n","protected":false},"author":1,"featured_media":111537,"comment_status":"open","ping_status":"open","sticky":false,"template":"","format":"standard","meta":{"footnotes":""},"categories":[4,9,7],"tags":[],"class_list":["post-111536","post","type-post","status-publish","format-standard","has-post-thumbnail","hentry","category-manset","category-mardin","category-spor"],"_links":{"self":[{"href":"https:\/\/mardinhaberyolu.com\/index.php?rest_route=\/wp\/v2\/posts\/111536","targetHints":{"allow":["GET"]}}],"collection":[{"href":"https:\/\/mardinhaberyolu.com\/index.php?rest_route=\/wp\/v2\/posts"}],"about":[{"href":"https:\/\/mardinhaberyolu.com\/index.php?rest_route=\/wp\/v2\/types\/post"}],"author":[{"embeddable":true,"href":"https:\/\/mardinhaberyolu.com\/index.php?rest_route=\/wp\/v2\/users\/1"}],"replies":[{"embeddable":true,"href":"https:\/\/mardinhaberyolu.com\/index.php?rest_route=%2Fwp%2Fv2%2Fcomments&post=111536"}],"version-history":[{"count":1,"href":"https:\/\/mardinhaberyolu.com\/index.php?rest_route=\/wp\/v2\/posts\/111536\/revisions"}],"predecessor-version":[{"id":111539,"href":"https:\/\/mardinhaberyolu.com\/index.php?rest_route=\/wp\/v2\/posts\/111536\/revisions\/111539"}],"wp:featuredmedia":[{"embeddable":true,"href":"https:\/\/mardinhaberyolu.com\/index.php?rest_route=\/wp\/v2\/media\/111537"}],"wp:attachment":[{"href":"https:\/\/mardinhaberyolu.com\/index.php?rest_route=%2Fwp%2Fv2%2Fmedia&parent=111536"}],"wp:term":[{"taxonomy":"category","embeddable":true,"href":"https:\/\/mardinhaberyolu.com\/index.php?rest_route=%2Fwp%2Fv2%2Fcategories&post=111536"},{"taxonomy":"post_tag","embeddable":true,"href":"https:\/\/mardinhaberyolu.com\/index.php?rest_route=%2Fwp%2Fv2%2Ftags&post=111536"}],"curies":[{"name":"wp","href":"https:\/\/api.w.org\/{rel}","templated":true}]}}