{"id":111533,"date":"2025-12-04T03:38:04","date_gmt":"2025-12-04T03:38:04","guid":{"rendered":"https:\/\/mardinhaberyolu.com\/?p=111533"},"modified":"2025-12-04T03:38:04","modified_gmt":"2025-12-04T03:38:04","slug":"engelliler-gununde-anlamli-bulusma","status":"publish","type":"post","link":"https:\/\/mardinhaberyolu.com\/?p=111533","title":{"rendered":"Engelliler G\u00fcn\u00fc\u2019nde Anlaml\u0131 Bulu\u015fma"},"content":{"rendered":"<p>Bas\u0131n Yay\u0131n ve Halkla \u0130li\u015fkiler M\u00fcd\u00fcrl\u00fc\u011f\u00fc taraf\u0131ndan organize edilen etkinlikte, belediyede \u00e7al\u0131\u015fan engelli personel bir araya gelerek keyifli bir ak\u015fam ge\u00e7irdi.<\/p>\n<p>Programa K\u0131z\u0131ltepe Belediye Ba\u015fkan Yard\u0131mc\u0131s\u0131 Havvas G\u00fcng\u00f6r, K\u0131z\u0131ltepe Belediye Ba\u015fkan Yard\u0131mc\u0131s\u0131 Halil Tarhan ve birim m\u00fcd\u00fcrleri kat\u0131larak engelli personelle yak\u0131ndan ilgilendi. Belediye y\u00f6neticileri, engelli bireylerin \u00e7al\u0131\u015fma hayat\u0131ndaki katk\u0131lar\u0131n\u0131n \u00f6nemli oldu\u011funu vurgulayarak her zaman yanlar\u0131nda olduklar\u0131n\u0131 ifade etti.<\/p>\n<p>Etkinlik kapsam\u0131nda, 3 Aral\u0131k D\u00fcnya Engelliler G\u00fcn\u00fc dolay\u0131s\u0131yla belediye b\u00fcnyesinde \u00e7al\u0131\u015fan t\u00fcm engelli personele 1 g\u00fcnl\u00fck idari izin verildi. Ak\u015fam yeme\u011fi program\u0131 ise \u00e7al\u0131\u015fanlara moral ve motivasyon sa\u011flamay\u0131 ama\u00e7lad\u0131.<\/p>\n<p>K\u0131z\u0131ltepe Belediyesi, engelli bireylere y\u00f6nelik fark\u0131ndal\u0131k olu\u015fturmak, onlar\u0131n \u00e7al\u0131\u015fma hayat\u0131ndaki konumunu g\u00fc\u00e7lendirmek ve sosyal dayan\u0131\u015fmay\u0131 art\u0131rmak ad\u0131na etkinliklerin devam edece\u011fini belirtti.<\/p>\n<p>Haber Merkezi<\/p>\n","protected":false},"excerpt":{"rendered":"<p>K\u0131z\u0131ltepe Belediyesi, 3 Aral\u0131k D\u00fcnya Engelliler G\u00fcn\u00fc kapsam\u0131nda belediye b\u00fcnyesinde g\u00f6rev yapan engelli bireylere y\u00f6nelik \u00f6zel bir ak\u015fam yeme\u011fi program\u0131 d\u00fczenledi.<\/p>\n","protected":false},"author":1,"featured_media":111534,"comment_status":"open","ping_status":"open","sticky":false,"template":"","format":"standard","meta":{"footnotes":""},"categories":[3,2,4,18,30],"tags":[],"class_list":["post-111533","post","type-post","status-publish","format-standard","has-post-thumbnail","hentry","category-guncel","category-kiziltepe","category-manset","category-toplumsal-yasam-gundem","category-ust-manset"],"_links":{"self":[{"href":"https:\/\/mardinhaberyolu.com\/index.php?rest_route=\/wp\/v2\/posts\/111533","targetHints":{"allow":["GET"]}}],"collection":[{"href":"https:\/\/mardinhaberyolu.com\/index.php?rest_route=\/wp\/v2\/posts"}],"about":[{"href":"https:\/\/mardinhaberyolu.com\/index.php?rest_route=\/wp\/v2\/types\/post"}],"author":[{"embeddable":true,"href":"https:\/\/mardinhaberyolu.com\/index.php?rest_route=\/wp\/v2\/users\/1"}],"replies":[{"embeddable":true,"href":"https:\/\/mardinhaberyolu.com\/index.php?rest_route=%2Fwp%2Fv2%2Fcomments&post=111533"}],"version-history":[{"count":1,"href":"https:\/\/mardinhaberyolu.com\/index.php?rest_route=\/wp\/v2\/posts\/111533\/revisions"}],"predecessor-version":[{"id":111535,"href":"https:\/\/mardinhaberyolu.com\/index.php?rest_route=\/wp\/v2\/posts\/111533\/revisions\/111535"}],"wp:featuredmedia":[{"embeddable":true,"href":"https:\/\/mardinhaberyolu.com\/index.php?rest_route=\/wp\/v2\/media\/111534"}],"wp:attachment":[{"href":"https:\/\/mardinhaberyolu.com\/index.php?rest_route=%2Fwp%2Fv2%2Fmedia&parent=111533"}],"wp:term":[{"taxonomy":"category","embeddable":true,"href":"https:\/\/mardinhaberyolu.com\/index.php?rest_route=%2Fwp%2Fv2%2Fcategories&post=111533"},{"taxonomy":"post_tag","embeddable":true,"href":"https:\/\/mardinhaberyolu.com\/index.php?rest_route=%2Fwp%2Fv2%2Ftags&post=111533"}],"curies":[{"name":"wp","href":"https:\/\/api.w.org\/{rel}","templated":true}]}}