{"id":111526,"date":"2025-12-03T13:00:25","date_gmt":"2025-12-03T13:00:25","guid":{"rendered":"https:\/\/mardinhaberyolu.com\/?p=111526"},"modified":"2025-12-03T13:00:25","modified_gmt":"2025-12-03T13:00:25","slug":"baskan-yilmaz-demir-biz-asla-tabela-dernegi-olmayacagiz","status":"publish","type":"post","link":"https:\/\/mardinhaberyolu.com\/?p=111526","title":{"rendered":"Ba\u015fkan Y\u0131lmaz Demir \u201cBiz Asla Tabela Derne\u011fi Olmayaca\u011f\u0131z\u201d"},"content":{"rendered":"<p>&nbsp;<\/p>\n<p>Mardin Engelliler Derne\u011fi Ba\u015fkan Y\u0131lmaz Demir, mesaj\u0131na \u015fu s\u00f6zlerle ba\u015flad\u0131, \u201cBiz asla tabela derne\u011fi olmayaca\u011f\u0131z.\u201d<br \/>\nBu s\u00f6z\u00fc derne\u011fi kurdu\u011fumuz ilk g\u00fcn s\u00f6yledik ve bug\u00fcn de ayn\u0131 kararl\u0131l\u0131kla tekrarl\u0131yoruz. E\u011fer bir tabelan\u0131n alt\u0131nda duruyorsak, o tabelan\u0131n hakk\u0131n\u0131 hizmetle, emekle ve sahadaki varl\u0131\u011f\u0131m\u0131zla vermek zorunday\u0131z. Bir g\u00fcn gelir de engelli karde\u015flerimize dokunamaz, onlar\u0131n derdine ko\u015famazsak, i\u015fte o g\u00fcn bu tabelay\u0131 bizzat kendimiz indiririz.\u201d dedi.<\/p>\n<p>Ba\u015fkan Y\u0131lmaz a\u00e7\u0131klamas\u0131nda \u201cBir y\u0131ld\u0131r sahaday\u0131z.<br \/>\nDokunmad\u0131\u011f\u0131m\u0131z bir engelli karde\u015fimiz kalmas\u0131n diye kap\u0131 kap\u0131 dola\u015fmaya \u00e7al\u0131\u015faca\u011f\u0131z. Devletten ya da ba\u015fkalar\u0131ndan bir \u015fey beklemek yerine \u201cBiz ne yapabiliriz?\u201d diye bakt\u0131k. \u00c7\u00fcnk\u00fc biz, ihtiya\u00e7 sahipleri ile hay\u0131rseverler aras\u0131nda kurulmu\u015f bir g\u00f6n\u00fcl k\u00f6pr\u00fcs\u00fcy\u00fcz. Derne\u011fimizin kasas\u0131 yok.<br \/>\n\u0130ban\u0131 yok. Ba\u011f\u0131\u015f makbuzu yok. Nakit ba\u011f\u0131\u015f\u0131 yok. Ama g\u00f6n\u00fcllerimiz dolu, niyetimiz temiz, ad\u0131mlar\u0131m\u0131z samimidir. \u0130\u015f insanlar\u0131m\u0131z ve hay\u0131rseverlerimiz ihtiya\u00e7lar\u0131 kendi imkanlar\u0131yla kar\u015f\u0131l\u0131yorlar, biz ise bu yard\u0131mlar\u0131 do\u011fru ki\u015filere ula\u015ft\u0131r\u0131yoruz.\u201d ifade etti.<\/p>\n<p>Ba\u015fkan Demir, \u201cBu \u00e7al\u0131\u015fmalar\u0131n yan\u0131nda engelli karde\u015flerimizin ya\u015fad\u0131\u011f\u0131 sorunlar\u0131n da g\u00f6rmezden gelinemeyece\u011fini vurgulamak isteriz. Engelli bireylerimiz hala ula\u015f\u0131mda b\u00fcy\u00fck s\u0131k\u0131nt\u0131lar \u00e7ekiyor, kald\u0131r\u0131mlar, rampalar ve toplu ta\u015f\u0131ma ara\u00e7lar\u0131 bir\u00e7ok yerde eri\u015filebilir de\u011fil. \u0130\u015fsizlik oran\u0131 engelli bireylerde \u00e7ok daha y\u00fcksek, istihdama kat\u0131lmakta zorlan\u0131yorlar. E\u011fitimde f\u0131rsat e\u015fitli\u011fi konusunda hala tamamlanmam\u0131\u015f ihtiya\u00e7lar var, \u00f6zel e\u011fitimden destek e\u011fitimine kadar bir\u00e7ok alanda eksiklikler ya\u015fan\u0131yor. Sosyal hayatta ise engelli karde\u015flerimiz \u00f6tekile\u015ftirme, hor g\u00f6r\u00fclme ve d\u0131\u015flanma gibi g\u00f6n\u00fcl yaras\u0131 a\u00e7an tutumlarla kar\u015f\u0131la\u015fabiliyor.<br \/>\n\u0130\u015fte biz bu sorunlar\u0131n tamam\u0131n\u0131 biliyoruz ve bu m\u00fccadeleyi sahada omuzlamaya devam ediyoruz.\u201d \u0130fadelerini kulland\u0131<\/p>\n<p>Mardin Engelliler Derne\u011fi Ba\u015fkan\u0131 Demir, \u201cBunlara ek olarak, tedaviye ula\u015fmakta zorlanan hastalar\u0131m\u0131z\u0131 evlerinden al\u0131p hastaneye g\u00f6t\u00fcrd\u00fck, tedavileri bitince tekrar evlerine b\u0131rakt\u0131k. Biz, \u201cNe gerekiyor?\u201d diye soran de\u011fil, \u201cBiz nas\u0131l yard\u0131m ederiz?\u201d diye sahaya \u00e7\u0131kan bir anlay\u0131\u015fa sahibiz.\u201d dedi.<\/p>\n<p>Demir, \u201cDevletimizin sundu\u011fu imkanlar k\u0131ymetlidir, fakat baz\u0131 kriterlere tak\u0131lan, bu imkanlara ula\u015famayan karde\u015flerimiz de vard\u0131r. \u0130\u015fte biz tam bu noktada devreye giriyoruz. \u00c7\u00fcnk\u00fc bizim tek kriterimiz ihtiya\u00e7 ve engelliliktir.\u201d dedi.<\/p>\n<p>2 Aral\u0131k\u2019ta ger\u00e7ekle\u015ftirdi\u011fimiz D\u00fcnya Engelliler G\u00fcn\u00fc program\u0131m\u0131za g\u00f6sterilen yo\u011fun kat\u0131l\u0131m, g\u00f6n\u00fcllerin birle\u015fti\u011finde engellerin nas\u0131l kalkt\u0131\u011f\u0131n\u0131 bir kez daha g\u00f6stermi\u015ftir. Bug\u00fcn bir kez daha yineliyoruz, \u201cBiz asla tabela derne\u011fi\u201d olmayaca\u011f\u0131z.<br \/>\nBu tabelan\u0131n arkas\u0131n\u0131 hizmetle, samimiyetle ve g\u00f6n\u00fcl k\u00f6pr\u00fcleriyle doldurmaya devam edece\u011fiz. Bu duygu ve d\u00fc\u015f\u00fcncelerle t\u00fcm engelli bireylerimizin ve ailelerinin 3 Aral\u0131k D\u00fcnya Engelliler G\u00fcn\u00fc\u2019n\u00fc en i\u00e7ten dileklerimizle kutluyoruz. Bu g\u00fczel yolculukta destek veren t\u00fcm hem\u015fehrilerimize te\u015fekk\u00fcr ederiz.\u201d dedi.<\/p>\n<p>Haber Merkezi<\/p>\n","protected":false},"excerpt":{"rendered":"<p>Mardin Engelliler Derne\u011fi Ba\u015fkan\u0131 Y\u0131lmaz Demir 3 Aral\u0131k D\u00fcnya Engelliler G\u00fcn\u00fc Mesaj\u0131<\/p>\n","protected":false},"author":1,"featured_media":111527,"comment_status":"open","ping_status":"open","sticky":false,"template":"","format":"standard","meta":{"footnotes":""},"categories":[4,9,18],"tags":[],"class_list":["post-111526","post","type-post","status-publish","format-standard","has-post-thumbnail","hentry","category-manset","category-mardin","category-toplumsal-yasam-gundem"],"_links":{"self":[{"href":"https:\/\/mardinhaberyolu.com\/index.php?rest_route=\/wp\/v2\/posts\/111526","targetHints":{"allow":["GET"]}}],"collection":[{"href":"https:\/\/mardinhaberyolu.com\/index.php?rest_route=\/wp\/v2\/posts"}],"about":[{"href":"https:\/\/mardinhaberyolu.com\/index.php?rest_route=\/wp\/v2\/types\/post"}],"author":[{"embeddable":true,"href":"https:\/\/mardinhaberyolu.com\/index.php?rest_route=\/wp\/v2\/users\/1"}],"replies":[{"embeddable":true,"href":"https:\/\/mardinhaberyolu.com\/index.php?rest_route=%2Fwp%2Fv2%2Fcomments&post=111526"}],"version-history":[{"count":1,"href":"https:\/\/mardinhaberyolu.com\/index.php?rest_route=\/wp\/v2\/posts\/111526\/revisions"}],"predecessor-version":[{"id":111528,"href":"https:\/\/mardinhaberyolu.com\/index.php?rest_route=\/wp\/v2\/posts\/111526\/revisions\/111528"}],"wp:featuredmedia":[{"embeddable":true,"href":"https:\/\/mardinhaberyolu.com\/index.php?rest_route=\/wp\/v2\/media\/111527"}],"wp:attachment":[{"href":"https:\/\/mardinhaberyolu.com\/index.php?rest_route=%2Fwp%2Fv2%2Fmedia&parent=111526"}],"wp:term":[{"taxonomy":"category","embeddable":true,"href":"https:\/\/mardinhaberyolu.com\/index.php?rest_route=%2Fwp%2Fv2%2Fcategories&post=111526"},{"taxonomy":"post_tag","embeddable":true,"href":"https:\/\/mardinhaberyolu.com\/index.php?rest_route=%2Fwp%2Fv2%2Ftags&post=111526"}],"curies":[{"name":"wp","href":"https:\/\/api.w.org\/{rel}","templated":true}]}}