{"id":111522,"date":"2025-12-03T12:57:17","date_gmt":"2025-12-03T12:57:17","guid":{"rendered":"https:\/\/mardinhaberyolu.com\/?p=111522"},"modified":"2025-12-03T13:08:42","modified_gmt":"2025-12-03T13:08:42","slug":"3-aralik-dunya-engelliler-gunu-mardinde-duzenlenen-programla-kutlandi","status":"publish","type":"post","link":"https:\/\/mardinhaberyolu.com\/?p=111522","title":{"rendered":"3 Aral\u0131k D\u00fcnya Engelliler G\u00fcn\u00fc Mardin\u2019de D\u00fczenlenen Programla Kutland\u0131"},"content":{"rendered":"<p>Program, sayg\u0131 duru\u015fu ve \u0130stiklal Mar\u015f\u0131\u2019n\u0131n okunmas\u0131n\u0131n ard\u0131ndan Kur\u2019an-\u0131 Kerim tilavetiyle ba\u015flad\u0131. Engelsiz Ya\u015fam Merkezi taraf\u0131ndan haz\u0131rlanan \u00e7e\u015fitli etkinlikler sahneye ta\u015f\u0131nd\u0131.<\/p>\n<p><strong>\u201cEngellilerin Toplumsal Hayata Kat\u0131l\u0131m\u0131 Vicdani Bir Sorumluluktur\u201d<\/strong><\/p>\n<p>Programda bir konu\u015fma yapan Vali Tuncay Akkoyun, 3 Aral\u0131k D\u00fcnya Engelliler G\u00fcn\u00fc\u2019n\u00fcn toplumda fark\u0131ndal\u0131\u011f\u0131 art\u0131ran \u00f6nemli bir g\u00fcn oldu\u011funu belirterek \u00f6zel gereksinimli bireyler ve aileleriyle birlikte olmaktan memnuniyet duydu\u011funu ifade etti.<\/p>\n<p><img fetchpriority=\"high\" decoding=\"async\" class=\"alignnone size-medium wp-image-111524\" src=\"https:\/\/mardinhaberyolu.com\/wp-content\/uploads\/2025\/12\/ak2-300x200.jpg\" alt=\"\" width=\"300\" height=\"200\" srcset=\"https:\/\/mardinhaberyolu.com\/wp-content\/uploads\/2025\/12\/ak2-300x200.jpg 300w, https:\/\/mardinhaberyolu.com\/wp-content\/uploads\/2025\/12\/ak2-1024x683.jpg 1024w, https:\/\/mardinhaberyolu.com\/wp-content\/uploads\/2025\/12\/ak2-768x512.jpg 768w, https:\/\/mardinhaberyolu.com\/wp-content\/uploads\/2025\/12\/ak2-1536x1025.jpg 1536w, https:\/\/mardinhaberyolu.com\/wp-content\/uploads\/2025\/12\/ak2-2048x1366.jpg 2048w\" sizes=\"(max-width: 300px) 100vw, 300px\" \/><\/p>\n<p>\u201cMedeniyetimiz insan\u0131 merkeze alan bir anlay\u0131\u015fla in\u015fa edilmi\u015ftir\u201d diyen Vali Akkoyun, insan\u0131n yaln\u0131zca fiziki \u00f6zellikleriyle de\u011fil, ruhu ve kalbiyle de\u011ferli oldu\u011funu vurgulad\u0131. Tarihte engellerine ra\u011fmen b\u00fcy\u00fck ba\u015far\u0131lara imza atan isimlerden \u00f6rnekler vererek \u015funlar\u0131 s\u00f6yledi:<\/p>\n<p>\u201cCemil Meri\u00e7, g\u00f6rme yetisini kaybettikten sonra kaleme ald\u0131\u011f\u0131 eserlerle milyonlara \u0131\u015f\u0131k olmu\u015ftur. Beethoven, i\u015fitme yetisini yitirdikten sonra en b\u00fcy\u00fck eserlerinden 9. Senfoni\u2019yi bestelemi\u015ftir. Braille\u2019in geli\u015ftirdi\u011fi kabartma yaz\u0131 sistemi, bug\u00fcn milyonlarca insana e\u011fitime ve bilgiye eri\u015fim imk\u00e2n\u0131 sa\u011flamaktad\u0131r. Bu \u00f6rnekler engellerin yaln\u0131zca fiziki de\u011fil; ayn\u0131 zamanda zihinsel kal\u0131plar ve toplumsal \u00f6nyarg\u0131larla da ilgili oldu\u011funu g\u00f6stermektedir.\u201d<\/p>\n<p>\u00d6zel gereksinimli bireylerin her alanda varl\u0131k g\u00f6stermelerinin desteklenmesi gerekti\u011fini ifade eden Akkoyun, gen\u00e7lere hitap ederek:<\/p>\n<p>\u201cSizlerden tek ricam\u0131z; potansiyelinizin fark\u0131na varman\u0131z, y\u0131lmadan \u00fcretmeniz ve hayallerinizden asla vazge\u00e7memenizdir.\u201d dedi.<\/p>\n<p><strong>\u201cDevletimiz T\u00fcm \u0130mk\u00e2nlar\u0131yla Her G\u00fcn Yan\u0131n\u0131zdad\u0131r\u201d<\/strong><\/p>\n<p>Vali Akkoyun, \u00f6zel gereksinimli vatanda\u015flar\u0131n ya\u015fam kalitesinin art\u0131r\u0131lmas\u0131 i\u00e7in devletin t\u00fcm kurumlar\u0131n\u0131n seferber edildi\u011fini belirterek Mardin\u2019de y\u00fcr\u00fct\u00fclen \u00e7al\u0131\u015fmalar\u0131 detaylar\u0131yla anlatt\u0131. Bu kapsamda Aile ve Sosyal Hizmetler \u0130l M\u00fcd\u00fcrl\u00fc\u011f\u00fc taraf\u0131ndan engelli kart\u0131 alan vatanda\u015flar\u0131n \u015fehir i\u00e7i toplu ta\u015f\u0131ma hizmetlerinden \u00fccretsiz yararlanabildi\u011fini, ayr\u0131ca bak\u0131ma ihtiya\u00e7 duyan bireylere evde bak\u0131m hizmetiyle d\u00fczenli destek sa\u011fland\u0131\u011f\u0131n\u0131 ifade etti.<\/p>\n<p>2025 y\u0131l\u0131 verilerine g\u00f6re \u0130\u015eKUR\u2019un 1.441 \u00f6zel gereksinimli vatanda\u015fa bireysel i\u015f ve meslek dan\u0131\u015fmanl\u0131\u011f\u0131 hizmeti sundu\u011funu, 219 ki\u015finin \u00f6zel sekt\u00f6rde i\u015fe yerle\u015ftirildi\u011fini belirten Akkoyun, Engelli \u0130UP Program\u0131 kapsam\u0131nda 100 \u00f6zel gereksinimli bireyin \u0130l Mill\u00ee E\u011fitim M\u00fcd\u00fcrl\u00fc\u011f\u00fc b\u00fcnyesinde g\u00f6rev ald\u0131\u011f\u0131n\u0131 dile getirdi.<\/p>\n<p>Mill\u00ee E\u011fitim M\u00fcd\u00fcrl\u00fc\u011f\u00fcn\u00fcn okula gidemeyecek durumda olan \u00f6\u011frencilere evde e\u011fitim hizmeti sundu\u011funu, okula devam eden \u00f6zel gereksinimli \u00f6\u011frencilerin ise \u00fccretsiz \u00f6zel e\u011fitim servislerinden faydaland\u0131\u011f\u0131n\u0131 vurgulad\u0131. Gen\u00e7lik ve Spor \u0130l M\u00fcd\u00fcrl\u00fc\u011f\u00fcn\u00fcn 2025 y\u0131l\u0131nda atletizm, y\u00fczme, bocce ve masa tenisi bran\u015flar\u0131nda il m\u00fcsabakalar\u0131 d\u00fczenledi\u011fini aktaran Akkoyun, \u201cMutlu \u00c7ar\u015famba\u201d projesi kapsam\u0131nda y\u0131l boyu engelsiz spor etkinliklerinin s\u00fcrd\u00fcr\u00fcld\u00fc\u011f\u00fcn\u00fc belirtti.<\/p>\n<p>Mardin\u2019de ilk kez B\u00fcy\u00fck\u015fehir Belediyesi b\u00fcnyesinde Engelli ve Ya\u015fl\u0131 Hizmetleri Daire Ba\u015fkanl\u0131\u011f\u0131n\u0131n kuruldu\u011funu hat\u0131rlatan Akkoyun, Engelsiz Ya\u015fam Merkezi\u2019nde 1.200 engelli ve ya\u015fl\u0131 vatanda\u015fa hizmet verildi\u011fini s\u00f6yledi. Merkezde mutfak, resim, el sanatlar\u0131, m\u00fczik ve spor at\u00f6lyelerinde \u00e7e\u015fitli faaliyetlerin yap\u0131ld\u0131\u011f\u0131n\u0131, hane ziyaretleriyle medikal malzeme deste\u011fi sa\u011fland\u0131\u011f\u0131n\u0131 aktard\u0131. Ayr\u0131ca kamu kurumlar\u0131 ve sa\u011fl\u0131k merkezlerine ula\u015f\u0131m i\u00e7in engelli arac\u0131 hizmeti sunuldu\u011funu, bunun yan\u0131nda sosyal ve k\u00fclt\u00fcrel etkinliklerin d\u00fczenlendi\u011fini ifade etti.<\/p>\n<p>Vali Akkoyun\u2019un konu\u015fmas\u0131n\u0131n ard\u0131ndan Engelli ve Ya\u015fl\u0131 Hizmetler Daire Ba\u015fkanl\u0131\u011f\u0131n\u0131n y\u0131l boyunca y\u00fcr\u00fctt\u00fc\u011f\u00fc \u00e7al\u0131\u015fmalar ile \u015eahmaran Ampute Futbol Tak\u0131m\u0131\u2019n\u0131n ba\u015far\u0131lar\u0131n\u0131 anlatan tan\u0131t\u0131m videolar\u0131 g\u00f6sterildi. Program, Engelsiz Mardin M\u00fczik Toplulu\u011fu dinletisi ve halk oyunlar\u0131 g\u00f6sterileriyle sona erdi.<\/p>\n<p>Programa \u0130l Protokol\u00fc, kamu kurum ve kurulu\u015flar\u0131n\u0131n amirleri, siyasi parti temsilcileri, engelli dernekleri, STK\u2019lar ve \u00e7ok say\u0131da vatanda\u015f kat\u0131ld\u0131.<\/p>\n","protected":false},"excerpt":{"rendered":"<p>Mardin Valisi ve B\u00fcy\u00fck\u015fehir Belediye Ba\u015fkan Vekili Tuncay Akkoyun, \u201c3 Aral\u0131k D\u00fcnya Engelliler G\u00fcn\u00fc\u201d dolay\u0131s\u0131yla Valilik ve B\u00fcy\u00fck\u015fehir Belediyesi i\u015f birli\u011finde Mill\u00ee E\u011fitim M\u00fcd\u00fcrl\u00fc\u011f\u00fcnde d\u00fczenlenen programa kat\u0131ld\u0131.<\/p>\n","protected":false},"author":1,"featured_media":111523,"comment_status":"open","ping_status":"open","sticky":false,"template":"","format":"standard","meta":{"footnotes":""},"categories":[4,9,18,30],"tags":[],"class_list":["post-111522","post","type-post","status-publish","format-standard","has-post-thumbnail","hentry","category-manset","category-mardin","category-toplumsal-yasam-gundem","category-ust-manset"],"_links":{"self":[{"href":"https:\/\/mardinhaberyolu.com\/index.php?rest_route=\/wp\/v2\/posts\/111522","targetHints":{"allow":["GET"]}}],"collection":[{"href":"https:\/\/mardinhaberyolu.com\/index.php?rest_route=\/wp\/v2\/posts"}],"about":[{"href":"https:\/\/mardinhaberyolu.com\/index.php?rest_route=\/wp\/v2\/types\/post"}],"author":[{"embeddable":true,"href":"https:\/\/mardinhaberyolu.com\/index.php?rest_route=\/wp\/v2\/users\/1"}],"replies":[{"embeddable":true,"href":"https:\/\/mardinhaberyolu.com\/index.php?rest_route=%2Fwp%2Fv2%2Fcomments&post=111522"}],"version-history":[{"count":2,"href":"https:\/\/mardinhaberyolu.com\/index.php?rest_route=\/wp\/v2\/posts\/111522\/revisions"}],"predecessor-version":[{"id":111529,"href":"https:\/\/mardinhaberyolu.com\/index.php?rest_route=\/wp\/v2\/posts\/111522\/revisions\/111529"}],"wp:featuredmedia":[{"embeddable":true,"href":"https:\/\/mardinhaberyolu.com\/index.php?rest_route=\/wp\/v2\/media\/111523"}],"wp:attachment":[{"href":"https:\/\/mardinhaberyolu.com\/index.php?rest_route=%2Fwp%2Fv2%2Fmedia&parent=111522"}],"wp:term":[{"taxonomy":"category","embeddable":true,"href":"https:\/\/mardinhaberyolu.com\/index.php?rest_route=%2Fwp%2Fv2%2Fcategories&post=111522"},{"taxonomy":"post_tag","embeddable":true,"href":"https:\/\/mardinhaberyolu.com\/index.php?rest_route=%2Fwp%2Fv2%2Ftags&post=111522"}],"curies":[{"name":"wp","href":"https:\/\/api.w.org\/{rel}","templated":true}]}}