{"id":111518,"date":"2025-12-03T11:54:12","date_gmt":"2025-12-03T11:54:12","guid":{"rendered":"https:\/\/mardinhaberyolu.com\/?p=111518"},"modified":"2025-12-03T11:54:12","modified_gmt":"2025-12-03T11:54:12","slug":"3-aralik-engelliler-gunune-ozel-dolu-dolu-etkinlikler","status":"publish","type":"post","link":"https:\/\/mardinhaberyolu.com\/?p=111518","title":{"rendered":"3 Aral\u0131k Engelliler G\u00fcn\u00fc\u2019ne \u00d6zel Dolu Dolu Etkinlikler"},"content":{"rendered":"<p>Belediyenin Bas\u0131n Yay\u0131n ve Halkla \u0130li\u015fkiler M\u00fcd\u00fcrl\u00fc\u011f\u00fc taraf\u0131ndan organize edilen programa, K\u0131z\u0131ltepe Belediye Ba\u015fkan Yard\u0131mc\u0131lar\u0131 Havvas G\u00fcng\u00f6r ve Halil Tarhan\u2019\u0131n yan\u0131 s\u0131ra belediye meclis \u00fcyeleri ile ilgili birim m\u00fcd\u00fcrleri kat\u0131ld\u0131.<\/p>\n<p>Etkinlikte engelli bireylerle yap\u0131lan bulu\u015fman\u0131n amac\u0131; dayan\u0131\u015fmay\u0131 g\u00fc\u00e7lendirmek, fark\u0131ndal\u0131k olu\u015fturmak ve engelli vatanda\u015flar\u0131n sosyal hayata daha rahat kat\u0131l\u0131m sa\u011flamas\u0131na destek olmak olarak belirtildi. Program kapsam\u0131nda engelli bireyler ile birlikte ya\u015f pasta kesildi, \u00e7e\u015fitli etkinlikler d\u00fczenlendi.<\/p>\n<p>Rehabilitasyon merkezinde \u00e7uval yar\u0131\u015f\u0131, halat \u00e7ekme gibi e\u011flenceli aktivitelerle kat\u0131l\u0131mc\u0131lar\u0131n keyifli vakit ge\u00e7irmesi sa\u011fland\u0131. Ard\u0131ndan \u00f6zel gereksinimli \u00f6\u011frencilerle fark\u0131ndal\u0131k ama\u00e7l\u0131 bir bulu\u015fma ger\u00e7ekle\u015ftirildi.<\/p>\n<p>K\u0131z\u0131ltepe Belediyesi ayr\u0131ca, bu \u00f6zel g\u00fcne dikkat \u00e7ekmek amac\u0131yla belediyede g\u00f6rev yapan engelli personeli idari izinli sayd\u0131. Engelliler G\u00fcn\u00fc program\u0131 kapsam\u0131nda 4 Aral\u0131k&#8217;ta Engelli Bireyler Derne\u011fi ile yap\u0131lacak bulu\u015fma ile etkinlikler iki g\u00fcn boyunca devam edecek.<\/p>\n<p><img fetchpriority=\"high\" decoding=\"async\" class=\"alignnone size-medium wp-image-111520\" src=\"https:\/\/mardinhaberyolu.com\/wp-content\/uploads\/2025\/12\/e2-300x200.jpg\" alt=\"\" width=\"300\" height=\"200\" srcset=\"https:\/\/mardinhaberyolu.com\/wp-content\/uploads\/2025\/12\/e2-300x200.jpg 300w, https:\/\/mardinhaberyolu.com\/wp-content\/uploads\/2025\/12\/e2-1024x682.jpg 1024w, https:\/\/mardinhaberyolu.com\/wp-content\/uploads\/2025\/12\/e2-768x512.jpg 768w, https:\/\/mardinhaberyolu.com\/wp-content\/uploads\/2025\/12\/e2-1536x1024.jpg 1536w, https:\/\/mardinhaberyolu.com\/wp-content\/uploads\/2025\/12\/e2-2048x1365.jpg 2048w\" sizes=\"(max-width: 300px) 100vw, 300px\" \/><\/p>\n<p>B\u00fclten<\/p>\n","protected":false},"excerpt":{"rendered":"<p>K\u0131z\u0131ltepe Belediyesi, 3 Aral\u0131k D\u00fcnya Engelliler G\u00fcn\u00fc kapsam\u0131nda \u00f6zel bir rehabilitasyon merkezinde engelli bireylerle bir araya gelerek dayan\u0131\u015fma ve fark\u0131ndal\u0131k olu\u015fturmay\u0131 ama\u00e7layan etkinlikler d\u00fczenledi.<\/p>\n","protected":false},"author":1,"featured_media":111519,"comment_status":"open","ping_status":"open","sticky":false,"template":"","format":"standard","meta":{"footnotes":""},"categories":[4,9,17,30],"tags":[],"class_list":["post-111518","post","type-post","status-publish","format-standard","has-post-thumbnail","hentry","category-manset","category-mardin","category-toplumsal-yasam","category-ust-manset"],"_links":{"self":[{"href":"https:\/\/mardinhaberyolu.com\/index.php?rest_route=\/wp\/v2\/posts\/111518","targetHints":{"allow":["GET"]}}],"collection":[{"href":"https:\/\/mardinhaberyolu.com\/index.php?rest_route=\/wp\/v2\/posts"}],"about":[{"href":"https:\/\/mardinhaberyolu.com\/index.php?rest_route=\/wp\/v2\/types\/post"}],"author":[{"embeddable":true,"href":"https:\/\/mardinhaberyolu.com\/index.php?rest_route=\/wp\/v2\/users\/1"}],"replies":[{"embeddable":true,"href":"https:\/\/mardinhaberyolu.com\/index.php?rest_route=%2Fwp%2Fv2%2Fcomments&post=111518"}],"version-history":[{"count":1,"href":"https:\/\/mardinhaberyolu.com\/index.php?rest_route=\/wp\/v2\/posts\/111518\/revisions"}],"predecessor-version":[{"id":111521,"href":"https:\/\/mardinhaberyolu.com\/index.php?rest_route=\/wp\/v2\/posts\/111518\/revisions\/111521"}],"wp:featuredmedia":[{"embeddable":true,"href":"https:\/\/mardinhaberyolu.com\/index.php?rest_route=\/wp\/v2\/media\/111519"}],"wp:attachment":[{"href":"https:\/\/mardinhaberyolu.com\/index.php?rest_route=%2Fwp%2Fv2%2Fmedia&parent=111518"}],"wp:term":[{"taxonomy":"category","embeddable":true,"href":"https:\/\/mardinhaberyolu.com\/index.php?rest_route=%2Fwp%2Fv2%2Fcategories&post=111518"},{"taxonomy":"post_tag","embeddable":true,"href":"https:\/\/mardinhaberyolu.com\/index.php?rest_route=%2Fwp%2Fv2%2Ftags&post=111518"}],"curies":[{"name":"wp","href":"https:\/\/api.w.org\/{rel}","templated":true}]}}