{"id":111514,"date":"2025-12-03T11:48:10","date_gmt":"2025-12-03T11:48:10","guid":{"rendered":"https:\/\/mardinhaberyolu.com\/?p=111514"},"modified":"2025-12-03T11:48:10","modified_gmt":"2025-12-03T11:48:10","slug":"maude-mezopotamya-topragina-yeni-bir-miras-zeytin-dikimi","status":"publish","type":"post","link":"https:\/\/mardinhaberyolu.com\/?p=111514","title":{"rendered":"MA\u00dc\u2019de Mezopotamya Topra\u011f\u0131na Yeni Bir Miras: Zeytin Dikimi"},"content":{"rendered":"<p>Mardin Artuklu \u00dcniversitesi K\u0131z\u0131ltepe Tar\u0131m Bilimleri ve Teknoloji Fak\u00fcltesi \u00f6\u011fretim elemanlar\u0131 ve \u00f6\u011frencilerin kat\u0131l\u0131m\u0131yla yakla\u015f\u0131k 5 d\u00f6n\u00fcml\u00fck alanda zeytin dikimi ger\u00e7ekle\u015ftirildi. Bu kapsamda, \u00fclkemizin \u00f6nde gelen ulusal \u00e7e\u015fitlerinden Gemlik ile d\u00fcnya genelinde y\u00fcksek verim ve adaptasyon kabiliyetiyle tan\u0131nan Arbequina \u00e7e\u015fidi toprakla bulu\u015fturuldu.<\/p>\n<p>Zeytin dikimi \u00e7al\u0131\u015fmas\u0131 ile hem yerel genetik kaynaklar\u0131n korunmas\u0131 hem de uluslararas\u0131 \u00e7e\u015fitlerin Mezopotamya ekolojisindeki performans\u0131n\u0131n bilimsel olarak incelenmesi i\u00e7in \u00f6nemli bir ara\u015ft\u0131rma altyap\u0131s\u0131na olanak sa\u011fland\u0131.<\/p>\n<p>K\u0131z\u0131ltepe Tar\u0131m Bilimleri ve Teknoloji Fak\u00fcltesi Dekan\u0131 Prof. Dr. Yusuf Do\u011fan, \u00e7al\u0131\u015fman\u0131n \u00f6nemine ili\u015fkin \u015fu de\u011ferlendirmelerde bulundu:<\/p>\n<p>\u201cMezopotamya, tar\u0131m tarihinin ba\u015flad\u0131\u011f\u0131 co\u011frafyalardan biri. Bug\u00fcn burada ger\u00e7ekle\u015ftirdi\u011fimiz zeytin dikimi, sadece bir uygulama faaliyeti de\u011fil; \u00f6\u011frencilerimize tar\u0131msal \u00fcretimin t\u00fcm a\u015famalar\u0131n\u0131 deneyimlenecek, ara\u015ft\u0131rma kapasitemizi g\u00fc\u00e7lendirecek ve b\u00f6lgesel zeytin yeti\u015ftiricili\u011fine bilimsel katk\u0131 sa\u011flayacak bir ad\u0131md\u0131r. Fak\u00fclte olarak, s\u00fcrd\u00fcr\u00fclebilir tar\u0131m, yeni \u00e7e\u015fitlerin adaptasyonu ve uygulamal\u0131 e\u011fitimin geli\u015ftirilmesine y\u00f6nelik \u00e7al\u0131\u015fmalar\u0131m\u0131z kararl\u0131l\u0131kla devam edecektir.\u201d<\/p>\n<p>Mardin Artuklu \u00dcniversitesi Rekt\u00f6r\u00fc Prof. Dr. \u0130brahim \u00d6zco\u015far, \u00fcniversitenin b\u00f6lge de\u011ferlerine akademik destek sunan 6T vizyonuyla \u00e7al\u0131\u015fmalar\u0131na y\u00f6n verdiklerine dikkat \u00e7ekerek;<\/p>\n<p>\u201c\u00dcniversitemiz, Mezopotamya\u2019n\u0131n kadim tar\u0131msal kimli\u011fini bilimsel yakla\u015f\u0131mla bulu\u015fturan bir vizyona sahiptir. Bug\u00fcn yap\u0131lan zeytin dikimi, hem b\u00f6lgesel kalk\u0131nmaya hem de akademik \u00fcretkenli\u011fe hizmet eden \u00f6rnek bir projedir. \u00d6\u011frencilerimizin sahada aktif rol ald\u0131\u011f\u0131 bu \u00e7al\u0131\u015fmalarla, tar\u0131m bilimlerinde uygulama kapasitemizi art\u0131r\u0131yor, b\u00f6lgenin potansiyel \u00fcr\u00fcnlerinin gelece\u011fe ta\u015f\u0131nmas\u0131na katk\u0131 sunuyoruz. Artuklu \u00dcniversitesi olarak bu kadim topraklar\u0131n ruhunu bilimsel kurum k\u00fclt\u00fcr\u00fcm\u00fcz ve yenilik\u00e7i tar\u0131m yakla\u015f\u0131m\u0131m\u0131zla birle\u015ftiriyoruz.\u201d ifadelerini kulland\u0131.<\/p>\n<p>Eme\u011fi ge\u00e7en t\u00fcm akademik ve teknik ekibe te\u015fekk\u00fcrlerini sunan \u00d6zco\u015far, do\u011faya, bilime ve b\u00f6lgesel kalk\u0131nmaya hizmet eden her ad\u0131mda oldu\u011fu gibi bu \u00e7al\u0131\u015fmada da katk\u0131 sunan t\u00fcm payda\u015flar\u0131na te\u015fekk\u00fcrlerini iletti.<\/p>\n<p><img fetchpriority=\"high\" decoding=\"async\" class=\"alignnone size-medium wp-image-111516\" src=\"https:\/\/mardinhaberyolu.com\/wp-content\/uploads\/2025\/12\/u2-225x300.jpg\" alt=\"\" width=\"225\" height=\"300\" srcset=\"https:\/\/mardinhaberyolu.com\/wp-content\/uploads\/2025\/12\/u2-225x300.jpg 225w, https:\/\/mardinhaberyolu.com\/wp-content\/uploads\/2025\/12\/u2-768x1024.jpg 768w, https:\/\/mardinhaberyolu.com\/wp-content\/uploads\/2025\/12\/u2-1152x1536.jpg 1152w, https:\/\/mardinhaberyolu.com\/wp-content\/uploads\/2025\/12\/u2.jpg 1200w\" sizes=\"(max-width: 225px) 100vw, 225px\" \/><\/p>\n<p>Edit\u00f6r\u00fc: Mardin Haberyolu<\/p>\n<p>&nbsp;<\/p>\n","protected":false},"excerpt":{"rendered":"<p>Mardin Artuklu \u00dcniversitesinin Uygulama Bah\u00e7esi\u2019nde Mezopotamya\u2019n\u0131n binlerce y\u0131ll\u0131k tar\u0131msal miras\u0131n\u0131 ya\u015fatma vizyonuyla \u00f6nemli bir \u00e7al\u0131\u015fma daha hayata ge\u00e7irildi<\/p>\n","protected":false},"author":1,"featured_media":111515,"comment_status":"open","ping_status":"open","sticky":false,"template":"","format":"standard","meta":{"footnotes":""},"categories":[16,4,9,28,30],"tags":[],"class_list":["post-111514","post","type-post","status-publish","format-standard","has-post-thumbnail","hentry","category-egitim","category-manset","category-mardin","category-tarim","category-ust-manset"],"_links":{"self":[{"href":"https:\/\/mardinhaberyolu.com\/index.php?rest_route=\/wp\/v2\/posts\/111514","targetHints":{"allow":["GET"]}}],"collection":[{"href":"https:\/\/mardinhaberyolu.com\/index.php?rest_route=\/wp\/v2\/posts"}],"about":[{"href":"https:\/\/mardinhaberyolu.com\/index.php?rest_route=\/wp\/v2\/types\/post"}],"author":[{"embeddable":true,"href":"https:\/\/mardinhaberyolu.com\/index.php?rest_route=\/wp\/v2\/users\/1"}],"replies":[{"embeddable":true,"href":"https:\/\/mardinhaberyolu.com\/index.php?rest_route=%2Fwp%2Fv2%2Fcomments&post=111514"}],"version-history":[{"count":1,"href":"https:\/\/mardinhaberyolu.com\/index.php?rest_route=\/wp\/v2\/posts\/111514\/revisions"}],"predecessor-version":[{"id":111517,"href":"https:\/\/mardinhaberyolu.com\/index.php?rest_route=\/wp\/v2\/posts\/111514\/revisions\/111517"}],"wp:featuredmedia":[{"embeddable":true,"href":"https:\/\/mardinhaberyolu.com\/index.php?rest_route=\/wp\/v2\/media\/111515"}],"wp:attachment":[{"href":"https:\/\/mardinhaberyolu.com\/index.php?rest_route=%2Fwp%2Fv2%2Fmedia&parent=111514"}],"wp:term":[{"taxonomy":"category","embeddable":true,"href":"https:\/\/mardinhaberyolu.com\/index.php?rest_route=%2Fwp%2Fv2%2Fcategories&post=111514"},{"taxonomy":"post_tag","embeddable":true,"href":"https:\/\/mardinhaberyolu.com\/index.php?rest_route=%2Fwp%2Fv2%2Ftags&post=111514"}],"curies":[{"name":"wp","href":"https:\/\/api.w.org\/{rel}","templated":true}]}}