{"id":111510,"date":"2025-12-03T07:42:41","date_gmt":"2025-12-03T07:42:41","guid":{"rendered":"https:\/\/mardinhaberyolu.com\/?p=111510"},"modified":"2025-12-03T07:42:41","modified_gmt":"2025-12-03T07:42:41","slug":"cumhurbaskani-erdoganin-milli-birlik-cagrisina-ilk-destek-mardinden-geldi","status":"publish","type":"post","link":"https:\/\/mardinhaberyolu.com\/?p=111510","title":{"rendered":"Cumhurba\u015fkan\u0131 Erdo\u011fan\u2019\u0131n Milli Birlik \u00c7a\u011fr\u0131s\u0131na \u0130lk Destek Mardin\u2019den Geldi"},"content":{"rendered":"<p>19 A\u011fustos 2025 tarihinde, Mardin\u2019de il ve 7 il\u00e7e te\u015fkilatlar\u0131yla birlikte g\u00f6rev yapt\u0131\u011f\u0131 partiden T\u00fcrkiye Yerel ve Ulusal bas\u0131n tamam\u0131nda yayinlanan istifa metninde gerekcelerini ifade etti.<\/p>\n<p>Akar, \u0130stifa ile sadece bir siyasi ad\u0131m de\u011fil; vicdanlara hitap eden tarihi bir duru\u015f sergiledi.<\/p>\n<p>S\u00fcleyman Akar Milli Birlik ve dayan\u0131\u015fma ile Ter\u00f6rs\u00fcz T\u00fcrkiye vizyonuna destek vererek, siyasetin millete hizmet ve birle\u015ftirici rol\u00fcn\u00fc hat\u0131rlatt\u0131.<\/p>\n<p>Akar\u2019\u0131n liderli\u011finde ger\u00e7ekle\u015fen bu toplu istifa, T\u00fcrkiye\u2019nin do\u011fusundan y\u00fckselen g\u00fc\u00e7l\u00fc bir birlik mesaj\u0131 oldu. Bu \u00fclke art\u0131k kutupla\u015fmay\u0131 de\u011fil, kucakla\u015fmay\u0131 hak ediyor diyen Akar, Kurtulu\u015f sava\u015f\u0131nda ecdatlar\u0131m\u0131z\u0131n kahramanl\u0131klar\u0131 ile kurtar\u0131lan vatan i\u00e7in art\u0131k tek ses olma zaman\u0131. Analar a\u011flamas\u0131n, ocaklar s\u00f6nmesin diye bu ad\u0131m\u0131 att\u0131k ifadeleriyle halk\u0131n g\u00f6nl\u00fcnde derin iz b\u0131rakt\u0131.<\/p>\n<p>AKAR partisinden istifa ettikten sonra Toplumun Her Kesiminden g\u00fc\u00e7l\u00fc Destek ald\u0131klar\u0131n\u0131 ifade etti.<\/p>\n<p>Haber Merkezi<\/p>\n","protected":false},"excerpt":{"rendered":"<p>Cumhurba\u015fkan\u0131 Recep Tayyip Erdo\u011fan\u2019\u0131n 2025 y\u0131l\u0131nda yapt\u0131\u011f\u0131 Milli birlik ve dayan\u0131\u015fma i\u00e7inde, ter\u00f6rden ar\u0131nd\u0131r\u0131lm\u0131\u015f bir T\u00fcrkiye\u2019ye birlikte y\u00fcr\u00fcyelim \u00e7a\u011fr\u0131s\u0131na T\u00fcrkiye\u2019de ilk somut ve kararl\u0131 destek, Mardinli siyaset\u00e7i S\u00fcleyman Akar\u2019dan geldi.<\/p>\n","protected":false},"author":1,"featured_media":111513,"comment_status":"open","ping_status":"open","sticky":false,"template":"","format":"standard","meta":{"footnotes":""},"categories":[4,9,8],"tags":[],"class_list":["post-111510","post","type-post","status-publish","format-standard","has-post-thumbnail","hentry","category-manset","category-mardin","category-politika"],"_links":{"self":[{"href":"https:\/\/mardinhaberyolu.com\/index.php?rest_route=\/wp\/v2\/posts\/111510","targetHints":{"allow":["GET"]}}],"collection":[{"href":"https:\/\/mardinhaberyolu.com\/index.php?rest_route=\/wp\/v2\/posts"}],"about":[{"href":"https:\/\/mardinhaberyolu.com\/index.php?rest_route=\/wp\/v2\/types\/post"}],"author":[{"embeddable":true,"href":"https:\/\/mardinhaberyolu.com\/index.php?rest_route=\/wp\/v2\/users\/1"}],"replies":[{"embeddable":true,"href":"https:\/\/mardinhaberyolu.com\/index.php?rest_route=%2Fwp%2Fv2%2Fcomments&post=111510"}],"version-history":[{"count":1,"href":"https:\/\/mardinhaberyolu.com\/index.php?rest_route=\/wp\/v2\/posts\/111510\/revisions"}],"predecessor-version":[{"id":111511,"href":"https:\/\/mardinhaberyolu.com\/index.php?rest_route=\/wp\/v2\/posts\/111510\/revisions\/111511"}],"wp:featuredmedia":[{"embeddable":true,"href":"https:\/\/mardinhaberyolu.com\/index.php?rest_route=\/wp\/v2\/media\/111513"}],"wp:attachment":[{"href":"https:\/\/mardinhaberyolu.com\/index.php?rest_route=%2Fwp%2Fv2%2Fmedia&parent=111510"}],"wp:term":[{"taxonomy":"category","embeddable":true,"href":"https:\/\/mardinhaberyolu.com\/index.php?rest_route=%2Fwp%2Fv2%2Fcategories&post=111510"},{"taxonomy":"post_tag","embeddable":true,"href":"https:\/\/mardinhaberyolu.com\/index.php?rest_route=%2Fwp%2Fv2%2Ftags&post=111510"}],"curies":[{"name":"wp","href":"https:\/\/api.w.org\/{rel}","templated":true}]}}