{"id":111507,"date":"2025-12-02T14:49:27","date_gmt":"2025-12-02T14:49:27","guid":{"rendered":"https:\/\/mardinhaberyolu.com\/?p=111507"},"modified":"2025-12-02T14:49:27","modified_gmt":"2025-12-02T14:49:27","slug":"ak-parti-mardin-milletvekili-faruk-kilicin-engelliler-gunu-mesaji","status":"publish","type":"post","link":"https:\/\/mardinhaberyolu.com\/?p=111507","title":{"rendered":"AK Parti Mardin Milletvekili Faruk K\u0131l\u0131\u00e7&#8217;\u0131n Engelliler G\u00fcn\u00fc Mesaj\u0131"},"content":{"rendered":"<p>Vekil K\u0131lu\u00e7:<\/p>\n<p>\u00c7\u00fcnk\u00fc engellilik sadece bireyi ya da toplumun bir k\u0131sm\u0131n\u0131 i\u00e7ine alan bir durum de\u011fildir. Her sa\u011fl\u0131kl\u0131 ki\u015fi i\u00e7inde ge\u00e7erli olabilecek bir durumdur. Buna istinaden engellilik kavram\u0131 toplumlar\u0131n tamam\u0131n\u0131 etkileyebilecek kadar kapsam\u0131 geni\u015f olan ve buna g\u00f6re duyarl\u0131 olmam\u0131z gereken \u00f6ncelikli konular\u0131n aras\u0131nda yer al\u0131r.&#8221;<\/p>\n<p>Engelli olmak, bir eksiklik de\u011fil farkl\u0131 bir ya\u015fam bi\u00e7imi oldu\u011funu ifade eden Milletvekili K\u0131l\u0131\u00e7, &#8220;As\u0131l engel toplumda yer alan engelli karde\u015flerimizin ihtiya\u00e7lar\u0131n\u0131n aksine d\u00fc\u015f\u00fcnmeden hareket eden davran\u0131\u015f sahibi insanlardad\u0131r. Asl\u0131nda hep birlikte daha eri\u015filebilir, daha kapsay\u0131c\u0131 ve daha adil bir d\u00fcnya in\u015fa etmek elimizde. Toplum olarak az\u0131msanmayacak kadar engelli bir kitleye sahibiz. Engelli vatanda\u015flar\u0131m\u0131z\u0131n \u00e7e\u015fitli alanlarda bir\u00e7ok sorunlar\u0131 bulunmaktad\u0131r. Bu sorunlar\u0131 \u00e7\u00f6zme noktas\u0131nda elimizden gelen her \u00e7abay\u0131 sarf etmemiz gerekiyor. AK Parti olarak bizler daima engelli karde\u015flerimizin yan\u0131nda olduk. Onlar\u0131n her ihtiyac\u0131na cevap vermeye \u00e7al\u0131\u015ft\u0131k. Sosyal ve k\u00fclt\u00fcrel her alanda \u00f6nlerini a\u00e7acak tarihi projeleri hayata ge\u00e7irdik. Bu \u015fekilde engelli vatanda\u015flar\u0131m\u0131z\u0131n kar\u015f\u0131la\u015fabilecekleri her zorlu\u011fun \u00f6n\u00fcne ge\u00e7mi\u015f olduk. Bu duygularla t\u00fcm engelli vatanda\u015flar\u0131m\u0131z\u0131n 3 Aral\u0131k D\u00fcnya Engelliler G\u00fcn\u00fc&#8217; n\u00fc tebrik ediyorum.\u201d<\/p>\n","protected":false},"excerpt":{"rendered":"<p>Milletvekili Faruk K\u0131l\u0131\u00e7 mesaj\u0131nda, \u201cBirle\u015fmi\u015f Milletler taraf\u0131ndan 1992 y\u0131l\u0131nda onaylanm\u0131\u015f ve engelli vatanda\u015flar\u0131m\u0131za y\u00f6nelik fark\u0131ndal\u0131k olu\u015fturmak amac\u0131yla g\u00fcndeme al\u0131nm\u0131\u015f bu \u00f6nemli g\u00fcn\u00fcn asl\u0131nda herkes i\u00e7in \u00f6nemli bir anlam\u0131 bulunmaktad\u0131r.<\/p>\n","protected":false},"author":1,"featured_media":111508,"comment_status":"open","ping_status":"open","sticky":false,"template":"","format":"standard","meta":{"footnotes":""},"categories":[3,4,9,18,30],"tags":[],"class_list":["post-111507","post","type-post","status-publish","format-standard","has-post-thumbnail","hentry","category-guncel","category-manset","category-mardin","category-toplumsal-yasam-gundem","category-ust-manset"],"_links":{"self":[{"href":"https:\/\/mardinhaberyolu.com\/index.php?rest_route=\/wp\/v2\/posts\/111507","targetHints":{"allow":["GET"]}}],"collection":[{"href":"https:\/\/mardinhaberyolu.com\/index.php?rest_route=\/wp\/v2\/posts"}],"about":[{"href":"https:\/\/mardinhaberyolu.com\/index.php?rest_route=\/wp\/v2\/types\/post"}],"author":[{"embeddable":true,"href":"https:\/\/mardinhaberyolu.com\/index.php?rest_route=\/wp\/v2\/users\/1"}],"replies":[{"embeddable":true,"href":"https:\/\/mardinhaberyolu.com\/index.php?rest_route=%2Fwp%2Fv2%2Fcomments&post=111507"}],"version-history":[{"count":1,"href":"https:\/\/mardinhaberyolu.com\/index.php?rest_route=\/wp\/v2\/posts\/111507\/revisions"}],"predecessor-version":[{"id":111509,"href":"https:\/\/mardinhaberyolu.com\/index.php?rest_route=\/wp\/v2\/posts\/111507\/revisions\/111509"}],"wp:featuredmedia":[{"embeddable":true,"href":"https:\/\/mardinhaberyolu.com\/index.php?rest_route=\/wp\/v2\/media\/111508"}],"wp:attachment":[{"href":"https:\/\/mardinhaberyolu.com\/index.php?rest_route=%2Fwp%2Fv2%2Fmedia&parent=111507"}],"wp:term":[{"taxonomy":"category","embeddable":true,"href":"https:\/\/mardinhaberyolu.com\/index.php?rest_route=%2Fwp%2Fv2%2Fcategories&post=111507"},{"taxonomy":"post_tag","embeddable":true,"href":"https:\/\/mardinhaberyolu.com\/index.php?rest_route=%2Fwp%2Fv2%2Ftags&post=111507"}],"curies":[{"name":"wp","href":"https:\/\/api.w.org\/{rel}","templated":true}]}}