{"id":111495,"date":"2025-12-02T14:39:33","date_gmt":"2025-12-02T14:39:33","guid":{"rendered":"https:\/\/mardinhaberyolu.com\/?p=111495"},"modified":"2025-12-02T14:39:33","modified_gmt":"2025-12-02T14:39:33","slug":"derik-dem-partide-kongre-heyecani-yeni-yonetim-belli-oldu","status":"publish","type":"post","link":"https:\/\/mardinhaberyolu.com\/?p=111495","title":{"rendered":"Derik DEM Parti\u2019de Kongre Heyecan\u0131: Yeni Y\u00f6netim Belli Oldu"},"content":{"rendered":"<p>Halklar\u0131n E\u015fitlik ve Demokrasi Partisi (DEM Parti) Derik \u0130l\u00e7e \u00d6rg\u00fct\u00fc\u2019n\u00fcn kongresi, bir d\u00fc\u011f\u00fcn salonunda yo\u011fun kat\u0131l\u0131mla yap\u0131ld\u0131. Programa; DEM Parti Mardin \u0130l E\u015f Ba\u015fkanlar\u0131 Nil\u00fcfer Elik Y\u0131lmaz ve Nihat G\u00f6kalp\u2019\u0131n yan\u0131 s\u0131ra parti meclis \u00fcyeleri, delegeler ve \u00e7ok say\u0131da vatanda\u015f kat\u0131ld\u0131.<\/p>\n<p>Yeni E\u015fba\u015fkanlar Se\u00e7ildi<\/p>\n<p>Kongrede yap\u0131lan se\u00e7im sonucunda Derik \u0130l\u00e7e \u00d6rg\u00fct\u00fc\u2019n\u00fcn yeni e\u015fba\u015fkanlar\u0131 \u015eilan \u00c7elik ve F\u0131rat \u00d6zgen oldu.<\/p>\n<p>Y\u00f6netim Kurulu A\u00e7\u0131kland\u0131<\/p>\n<p>Kongrede belirlenen yeni y\u00f6netim kurulu \u015fu isimlerden olu\u015ftu:<br \/>\nMervan Ektiren, Kadriye Akar, R\u00fcstem Aksoy, G\u00fcli Dal\u00e7in, Seyfettin \u00c7elik, Zekiye Dur\u011fut, Ahmet S\u00f6ylemez, Emrullah Ayav, Ramazan Adal, Mehmet Demir, Mihdiye Kurutkan, Cahit \u00c7ap, Ercan Cacu, Cihan Aba ve \u015eeyhmus Tan.<\/p>\n<p>Yeni Y\u00f6netime Ba\u015far\u0131 Dile\u011fi<\/p>\n<p>DEM Parti Mardin \u0130l E\u015f Ba\u015fkanlar\u0131 Nil\u00fcfer Elik Y\u0131lmaz ve Nihat G\u00f6kalp, kongre sonras\u0131 yapt\u0131klar\u0131 a\u00e7\u0131klamada,<br \/>\n\u201cDerik 1. Ola\u011fan\u00fcst\u00fc Kongremizi ger\u00e7ekle\u015ftirdik. \u00d6nceki y\u00f6netime emekleri i\u00e7in te\u015fekk\u00fcr ediyor, yeni se\u00e7ilen arkada\u015flar\u0131m\u0131za ba\u015far\u0131lar diliyoruz.\u201d ifadelerini kulland\u0131.<\/p>\n<p>Kongre, tebriklerin iletilmesi ve dayan\u0131\u015fma mesajlar\u0131yla sona erdi.<\/p>\n<p><img fetchpriority=\"high\" decoding=\"async\" class=\"alignnone size-medium wp-image-111497\" src=\"https:\/\/mardinhaberyolu.com\/wp-content\/uploads\/2025\/12\/IMG-20251202-WA0036-300x169.jpg\" alt=\"\" width=\"300\" height=\"169\" srcset=\"https:\/\/mardinhaberyolu.com\/wp-content\/uploads\/2025\/12\/IMG-20251202-WA0036-300x169.jpg 300w, https:\/\/mardinhaberyolu.com\/wp-content\/uploads\/2025\/12\/IMG-20251202-WA0036-1024x576.jpg 1024w, https:\/\/mardinhaberyolu.com\/wp-content\/uploads\/2025\/12\/IMG-20251202-WA0036-768x432.jpg 768w, https:\/\/mardinhaberyolu.com\/wp-content\/uploads\/2025\/12\/IMG-20251202-WA0036-1536x864.jpg 1536w, https:\/\/mardinhaberyolu.com\/wp-content\/uploads\/2025\/12\/IMG-20251202-WA0036.jpg 1600w\" sizes=\"(max-width: 300px) 100vw, 300px\" \/> <img decoding=\"async\" class=\"alignnone size-medium wp-image-111498\" src=\"https:\/\/mardinhaberyolu.com\/wp-content\/uploads\/2025\/12\/IMG-20251202-WA0037-300x169.jpg\" alt=\"\" width=\"300\" height=\"169\" srcset=\"https:\/\/mardinhaberyolu.com\/wp-content\/uploads\/2025\/12\/IMG-20251202-WA0037-300x169.jpg 300w, https:\/\/mardinhaberyolu.com\/wp-content\/uploads\/2025\/12\/IMG-20251202-WA0037-1024x576.jpg 1024w, https:\/\/mardinhaberyolu.com\/wp-content\/uploads\/2025\/12\/IMG-20251202-WA0037-768x432.jpg 768w, https:\/\/mardinhaberyolu.com\/wp-content\/uploads\/2025\/12\/IMG-20251202-WA0037-1536x864.jpg 1536w, https:\/\/mardinhaberyolu.com\/wp-content\/uploads\/2025\/12\/IMG-20251202-WA0037.jpg 1600w\" sizes=\"(max-width: 300px) 100vw, 300px\" \/><\/p>\n<p>Haber Merkezi<\/p>\n","protected":false},"excerpt":{"rendered":"<p>DEM Parti Derik \u0130l\u00e7e Ba\u015fkanl\u0131\u011f\u0131, 1. Ola\u011fan\u00fcst\u00fc Kongresini co\u015fkulu bir kat\u0131l\u0131mla ger\u00e7ekle\u015ftirdi. Kongrede yeni il\u00e7e E\u015fba\u015fkanlar\u0131 ve y\u00f6netim kurulu \u00fcyeleri belirlendi.<\/p>\n","protected":false},"author":1,"featured_media":111496,"comment_status":"open","ping_status":"open","sticky":false,"template":"","format":"standard","meta":{"footnotes":""},"categories":[3,4,9,30],"tags":[],"class_list":["post-111495","post","type-post","status-publish","format-standard","has-post-thumbnail","hentry","category-guncel","category-manset","category-mardin","category-ust-manset"],"_links":{"self":[{"href":"https:\/\/mardinhaberyolu.com\/index.php?rest_route=\/wp\/v2\/posts\/111495","targetHints":{"allow":["GET"]}}],"collection":[{"href":"https:\/\/mardinhaberyolu.com\/index.php?rest_route=\/wp\/v2\/posts"}],"about":[{"href":"https:\/\/mardinhaberyolu.com\/index.php?rest_route=\/wp\/v2\/types\/post"}],"author":[{"embeddable":true,"href":"https:\/\/mardinhaberyolu.com\/index.php?rest_route=\/wp\/v2\/users\/1"}],"replies":[{"embeddable":true,"href":"https:\/\/mardinhaberyolu.com\/index.php?rest_route=%2Fwp%2Fv2%2Fcomments&post=111495"}],"version-history":[{"count":1,"href":"https:\/\/mardinhaberyolu.com\/index.php?rest_route=\/wp\/v2\/posts\/111495\/revisions"}],"predecessor-version":[{"id":111499,"href":"https:\/\/mardinhaberyolu.com\/index.php?rest_route=\/wp\/v2\/posts\/111495\/revisions\/111499"}],"wp:featuredmedia":[{"embeddable":true,"href":"https:\/\/mardinhaberyolu.com\/index.php?rest_route=\/wp\/v2\/media\/111496"}],"wp:attachment":[{"href":"https:\/\/mardinhaberyolu.com\/index.php?rest_route=%2Fwp%2Fv2%2Fmedia&parent=111495"}],"wp:term":[{"taxonomy":"category","embeddable":true,"href":"https:\/\/mardinhaberyolu.com\/index.php?rest_route=%2Fwp%2Fv2%2Fcategories&post=111495"},{"taxonomy":"post_tag","embeddable":true,"href":"https:\/\/mardinhaberyolu.com\/index.php?rest_route=%2Fwp%2Fv2%2Ftags&post=111495"}],"curies":[{"name":"wp","href":"https:\/\/api.w.org\/{rel}","templated":true}]}}