{"id":111491,"date":"2025-12-02T14:34:08","date_gmt":"2025-12-02T14:34:08","guid":{"rendered":"https:\/\/mardinhaberyolu.com\/?p=111491"},"modified":"2025-12-02T14:34:08","modified_gmt":"2025-12-02T14:34:08","slug":"mardin-kalkinma-yoluna-hazirlaniyor","status":"publish","type":"post","link":"https:\/\/mardinhaberyolu.com\/?p=111491","title":{"rendered":"Mardin \u2018Kalk\u0131nma Yolu\u2019na haz\u0131rlan\u0131yor"},"content":{"rendered":"<p>Mardin&#8217;in lojistik altyap\u0131s\u0131n\u0131n geli\u015ftirilmesi, TRC3 B\u00f6lgesi&#8217;nin ihracat kapasitesinin art\u0131r\u0131lmas\u0131 ve b\u00f6lgenin kara ta\u015f\u0131mac\u0131l\u0131\u011f\u0131 altyap\u0131s\u0131n\u0131n g\u00fc\u00e7lendirilmesi amac\u0131yla planlanan ve Cumhurba\u015fkanl\u0131\u011f\u0131 Yat\u0131r\u0131m Program\u0131\u2019na al\u0131nan Mardin Lojistik \u00dcss\u00fc Projesi\u2019nin (MARLOM) kurulu\u015f haz\u0131rl\u0131klar\u0131 devam ediyor. Mardin Ticaret ve Sanayi Odas\u0131\u2019n\u0131n koordinasyonunda s\u00fcrd\u00fcr\u00fclen \u00e7al\u0131\u015fmalarda Dicle Kalk\u0131nma Ajans\u0131 ile Fizibilite Deste\u011fi Program\u0131 protokol\u00fc imzaland\u0131. Mardin Ticaret ve Sanayi Odas\u0131 Y\u00f6netim Kurulu Ba\u015fkan\u0131 Hatip \u00c7elik ile Dicle Kalk\u0131nma Ajans\u0131 Genel Sekreteri Aykut Ani\u00e7 taraf\u0131ndan imzalanan protokol ile birlikte Mardin Lojistik \u00dcss\u00fc Projesi\u2019nde fiziki yat\u0131r\u0131mlar i\u00e7in gerekli fizibilite \u00e7al\u0131\u015fmalar\u0131n\u0131n h\u0131zland\u0131r\u0131lmas\u0131 hedefleniyor.<br \/>\nMardin Ticaret ve Sanayi Odas\u0131 Y\u00f6netim Kurulu Ba\u015fkan\u0131 Hatip \u00c7elik, protokol imza t\u00f6reninde yapt\u0131\u011f\u0131 konu\u015fmada Artuklu \u00dcniversitesi ve Dicle Kalk\u0131nma Ajans\u0131 aras\u0131nda kurduklar\u0131 i\u015fbirli\u011fi sayesinde Mardin\u2019in gelece\u011fi i\u00e7in stratejik bir ad\u0131m\u0131n e\u015fi\u011finde olduklar\u0131n\u0131 s\u00f6yledi. D\u0130KA\u2019n\u0131n deste\u011fiyle birlikte Mardin Lojistik \u00dcss\u00fc yat\u0131r\u0131m\u0131 i\u00e7in gerekli fizibilite raporu haz\u0131rl\u0131klar\u0131n\u0131n daha da h\u0131zlanaca\u011f\u0131n\u0131 ifade eden Hatip \u00c7elik, \u201cDicle Kalk\u0131nma Ajans\u0131 ile imzalad\u0131\u011f\u0131m\u0131z bu protokol, \u015fehrimizin ekonomik gelece\u011fi a\u00e7\u0131s\u0131ndan tarihi bir ad\u0131md\u0131r. Kalk\u0131nma Yolu g\u00fczergah\u0131nda kurulacak Mardin Lojistik \u00dcss\u00fc Projesi, b\u00f6lgemizin stratejik konumunu avantaja d\u00f6n\u00fc\u015ft\u00fcrerek ihracat\u00e7\u0131lar\u0131m\u0131za ve sanayicilerimize b\u00fcy\u00fck kolayl\u0131klar sa\u011flayacakt\u0131r. Kentimizde da\u011f\u0131n\u0131k halde bulunan 40 bin ara\u00e7l\u0131k ticari kara filomuzun k\u00fcmelenmesiyle birlikte hem istihdam artacak hem de Mardin, uluslararas\u0131 ticaretin g\u00fc\u00e7l\u00fc bir akt\u00f6r\u00fc haline gelecektir. \u00dcss\u00fcm\u00fcz ayr\u0131ca demiryolu ba\u011flant\u0131s\u0131 sayesinde de limanlara daha s\u00fcrd\u00fcr\u00fclebilir maliyetlerle eri\u015fim imkan\u0131 tan\u0131yacak. \u0130\u015f d\u00fcnyam\u0131z\u0131n rekabet g\u00fcc\u00fcn\u00fc art\u0131racak bu yat\u0131r\u0131m\u0131, Mardin\u2019in kalk\u0131nma yolculu\u011funda d\u00f6n\u00fcm noktas\u0131 olarak g\u00f6r\u00fcyoruz\u201d dedi.<br \/>\nMardin \u00e7evre iller ve kom\u015fu \u00fclkeler i\u00e7in da\u011f\u0131t\u0131m merkezi oluyor<br \/>\nMardin Lojistik \u00dcss\u00fc faaliyete ge\u00e7ti\u011finde ta\u015f\u0131mac\u0131l\u0131k, depolama ve g\u00fcmr\u00fckleme hizmetlerinin modern standartlara uygun \u015fekilde tek merkezde k\u00fcmelenece\u011fini belirten Hatip \u00c7elik, bu sayede b\u00f6lge firmalar\u0131n\u0131n lojistik maliyetlerinin s\u00fcrd\u00fcr\u00fclebilir seviyelere d\u00fc\u015fece\u011fini ifade etti. Ayr\u0131ca Mardin\u2019de konu\u015flu bulunan 40 bin ara\u00e7l\u0131k ticari kara filosunun da faaliyetlerini bu b\u00f6lgeye ta\u015f\u0131yaca\u011f\u0131n\u0131 ifade eden Ba\u015fkan \u00c7elik \u201cTa\u015f\u0131mac\u0131l\u0131k, depolama ve g\u00fcmr\u00fckleme hizmetlerinin modern standartlara uygun \u015fekilde tek merkezde k\u00fcmelenmesiyle firmalar\u0131m\u0131z\u0131n rekabet g\u00fcc\u00fc daha da artacak. Ayr\u0131ca kentimizde ticari ara\u00e7lar\u0131n olu\u015fturdu\u011fu kaza riskleri ve trafik sorunlar\u0131 da minimum seviyelere d\u00fc\u015fecek. Bu kapsamda b\u00f6lgemizde yeni i\u015f imkanlar\u0131 kazand\u0131r\u0131lacak, istihdam artacak ve en \u00f6nemlisi Mardin \u00e7evre iller ve kom\u015fu \u00fclkeler i\u00e7in bir ticaret ve da\u011f\u0131t\u0131m merkezi konumuna getirilecek. \u00d6zellikle Suriye pazar\u0131na a\u00e7\u0131lan konumuyla lojistik \u00fcss\u00fcm\u00fcz b\u00f6lge ihracat hacmimizin artmas\u0131na da \u00f6nemli bir katk\u0131 sa\u011flayacak.<br \/>\nMardin uluslararas\u0131 lojistik a\u011flara entegre olacak<br \/>\nMardin Lojistik \u00dcss\u00fc ile birlikte ayr\u0131ca yeni nesil lojistik trendlerinin de b\u00f6lgede yayg\u0131nla\u015faca\u011f\u0131n\u0131 belirten Hatip \u00c7elik, \u201cMardin Lojistik \u00dcss\u00fc, Mardin 2. Organize Sanayi B\u00f6lgesi\u2019ne kom\u015fu bir arazi \u00fczerinde y\u00fckselecek. \u00dcss\u00fcm\u00fcz Nusaybin S\u0131n\u0131r Kap\u0131s\u0131\u2019na yak\u0131nl\u0131\u011f\u0131yla hem Mardin\u2019in hem de \u00e7evre illerin en \u00f6nemli da\u011f\u0131t\u0131m merkezlerinden biri olacak. \u00dcss\u00fcm\u00fczde lokasyon avantajlar\u0131m\u0131z\u0131 geli\u015ftirece\u011fimiz projelerimiz ile teknolojiye dayal\u0131, dijitalle\u015fmi\u015f ve \u00e7evre dostu lojistik hizmetlerle firmalar\u0131m\u0131z i\u00e7in \u00f6zel bir rekabet g\u00fcc\u00fcne d\u00f6n\u00fc\u015ft\u00fcrmek istiyoruz. Bu sayede uluslararas\u0131 lojistik a\u011flara entegrasyonumuzu g\u00fc\u00e7lendirirken; s\u0131n\u0131r ticaretimizin de daha etkin y\u00fcr\u00fct\u00fclmesini sa\u011flayaca\u011f\u0131z. Bununla birlikte ekonomik sekt\u00f6rel \u00e7e\u015fitlili\u011fin artarken, k\u0131rsal kalk\u0131nma daha \u00e7ok desteklenecek, ihracat\u00e7\u0131 firmalar\u0131m\u0131z\u0131n k\u00fcresel pazarlara eri\u015fimi daha da kolayla\u015facakt\u0131r. Bu sayede Mardin\u2019in lojistik sekt\u00f6r\u00fcnde stratejik bir merkez olarak konumland\u0131r\u0131lmas\u0131 sa\u011flanacakt\u0131r\u201d<\/p>\n<div id=\"attachment_111493\" style=\"width: 310px\" class=\"wp-caption alignnone\"><img fetchpriority=\"high\" decoding=\"async\" aria-describedby=\"caption-attachment-111493\" class=\"size-medium wp-image-111493\" src=\"https:\/\/mardinhaberyolu.com\/wp-content\/uploads\/2025\/12\/MARLOM-ISBIRLIGI-PROTOKOLU-HABER-BULTENI-2-300x200.jpg\" alt=\"\" width=\"300\" height=\"200\" srcset=\"https:\/\/mardinhaberyolu.com\/wp-content\/uploads\/2025\/12\/MARLOM-ISBIRLIGI-PROTOKOLU-HABER-BULTENI-2-300x200.jpg 300w, https:\/\/mardinhaberyolu.com\/wp-content\/uploads\/2025\/12\/MARLOM-ISBIRLIGI-PROTOKOLU-HABER-BULTENI-2-1024x683.jpg 1024w, https:\/\/mardinhaberyolu.com\/wp-content\/uploads\/2025\/12\/MARLOM-ISBIRLIGI-PROTOKOLU-HABER-BULTENI-2-768x512.jpg 768w, https:\/\/mardinhaberyolu.com\/wp-content\/uploads\/2025\/12\/MARLOM-ISBIRLIGI-PROTOKOLU-HABER-BULTENI-2-1536x1024.jpg 1536w, https:\/\/mardinhaberyolu.com\/wp-content\/uploads\/2025\/12\/MARLOM-ISBIRLIGI-PROTOKOLU-HABER-BULTENI-2-2048x1365.jpg 2048w\" sizes=\"(max-width: 300px) 100vw, 300px\" \/><p id=\"caption-attachment-111493\" class=\"wp-caption-text\">Mehmet Nabi Batuk<\/p><\/div>\n<p>B\u00fclten<\/p>\n","protected":false},"excerpt":{"rendered":"<p>Mardin Lojistik \u00dcss\u00fc\u2019n\u00fcn fizibilite \u00e7al\u0131\u015fmalar\u0131 h\u0131zland\u0131r\u0131lacak<br \/>\nMardin Ticaret ve Sanayi Odas\u0131 koordinasyonunda s\u00fcrd\u00fcr\u00fclen Mardin Lojistik \u00dcss\u00fc Projesi, Dicle Kalk\u0131nma Ajans\u0131\u2019n\u0131n Fizibilite Deste\u011fi Program\u0131\u2019na dahil oldu. \u0130mzalanan protokol ile birlikte fiziki yat\u0131r\u0131mlar i\u00e7in gerekli fizibilite raporu i\u00e7in \u00e7al\u0131\u015fmalar h\u0131zland\u0131r\u0131lacak.<\/p>\n","protected":false},"author":1,"featured_media":111492,"comment_status":"open","ping_status":"open","sticky":false,"template":"","format":"standard","meta":{"footnotes":""},"categories":[6,3,4,9,30],"tags":[],"class_list":["post-111491","post","type-post","status-publish","format-standard","has-post-thumbnail","hentry","category-ekonomi","category-guncel","category-manset","category-mardin","category-ust-manset"],"_links":{"self":[{"href":"https:\/\/mardinhaberyolu.com\/index.php?rest_route=\/wp\/v2\/posts\/111491","targetHints":{"allow":["GET"]}}],"collection":[{"href":"https:\/\/mardinhaberyolu.com\/index.php?rest_route=\/wp\/v2\/posts"}],"about":[{"href":"https:\/\/mardinhaberyolu.com\/index.php?rest_route=\/wp\/v2\/types\/post"}],"author":[{"embeddable":true,"href":"https:\/\/mardinhaberyolu.com\/index.php?rest_route=\/wp\/v2\/users\/1"}],"replies":[{"embeddable":true,"href":"https:\/\/mardinhaberyolu.com\/index.php?rest_route=%2Fwp%2Fv2%2Fcomments&post=111491"}],"version-history":[{"count":1,"href":"https:\/\/mardinhaberyolu.com\/index.php?rest_route=\/wp\/v2\/posts\/111491\/revisions"}],"predecessor-version":[{"id":111494,"href":"https:\/\/mardinhaberyolu.com\/index.php?rest_route=\/wp\/v2\/posts\/111491\/revisions\/111494"}],"wp:featuredmedia":[{"embeddable":true,"href":"https:\/\/mardinhaberyolu.com\/index.php?rest_route=\/wp\/v2\/media\/111492"}],"wp:attachment":[{"href":"https:\/\/mardinhaberyolu.com\/index.php?rest_route=%2Fwp%2Fv2%2Fmedia&parent=111491"}],"wp:term":[{"taxonomy":"category","embeddable":true,"href":"https:\/\/mardinhaberyolu.com\/index.php?rest_route=%2Fwp%2Fv2%2Fcategories&post=111491"},{"taxonomy":"post_tag","embeddable":true,"href":"https:\/\/mardinhaberyolu.com\/index.php?rest_route=%2Fwp%2Fv2%2Ftags&post=111491"}],"curies":[{"name":"wp","href":"https:\/\/api.w.org\/{rel}","templated":true}]}}