{"id":111441,"date":"2025-11-28T15:03:22","date_gmt":"2025-11-28T15:03:22","guid":{"rendered":"https:\/\/mardinhaberyolu.com\/?p=111441"},"modified":"2025-11-28T15:03:22","modified_gmt":"2025-11-28T15:03:22","slug":"mardin-tsodan-bakanlara-ulasim-ve-istihdam-raporu","status":"publish","type":"post","link":"https:\/\/mardinhaberyolu.com\/?p=111441","title":{"rendered":"Mardin TSO\u2019dan Bakanlara Ula\u015f\u0131m ve \u0130stihdam Raporu"},"content":{"rendered":"<p>Burada yap\u0131lan g\u00f6r\u00fc\u015fmede Mardin i\u015f d\u00fcnyas\u0131n\u0131n ula\u015f\u0131m ve istihdam alan\u0131ndaki sorunlar\u0131n\u0131 ve \u00e7\u00f6z\u00fcm \u00f6nerilerini i\u00e7eren raporlar\u0131 bakanlara takdim eden Ba\u015fkan Hatip \u00c7elik, \u00fcyelerin taleplerinin ulusal kamu g\u00fcndemine ta\u015f\u0131nmas\u0131n\u0131 sa\u011flad\u0131.<\/p>\n<p>G\u00f6r\u00fc\u015fmede Diyarbak\u0131r &#8211; Maz\u0131da\u011f\u0131 &#8211; Derik Yolu&#8217;nun iyile\u015ftirilmesi \u00e7al\u0131\u015fmalar\u0131n\u0131n ba\u015flayaca\u011f\u0131 ve Derik \u00c7evre Yolu&#8217;nun ihalesinin de yap\u0131laca\u011f\u0131 belirtildi.<\/p>\n<p>Ula\u015f\u0131m raporunda Mardin\u2019in ula\u015f\u0131m altyap\u0131s\u0131ndaki eksiklikler ve talepler vurgulan\u0131rken;<\/p>\n<p>1- Mardin Lojistik Merkezi,<br \/>\n2- \u00c7evreyollar\u0131n\u0131n ihale edilmesi,<br \/>\n3- Mardin &#8211; \u015eanl\u0131urfa Gaziantep H\u0131zl\u0131 Tren Yolu Hatt\u0131&#8217;n\u0131n ihale edilmesi,<br \/>\n4- Nusaybin Ovak\u00f6y H\u0131zl\u0131 Tren Yolu,<br \/>\n5- Mardin Habur Otoyolu&#8217;nun tamamlanmas\u0131,<br \/>\n6- Kent merkezi ile il\u00e7eleri birbirlerine ba\u011flayan ba\u011flant\u0131 yollar\u0131 Mardin &#8211; Midyat, Midyat &#8211; Batman, Mardin &#8211; Maz\u0131da\u011f\u0131, Maz\u0131da\u011f\u0131 \u2013 Derik, Diyarbak\u0131r \u2013 Maz\u0131da\u011f\u0131 karayollar\u0131n\u0131n \u00e7ift \u015feritli hale gelmesi<br \/>\n7- Deforme olan \u0130pekyolu&#8217;nun (D400) iyile\u015ftirilmesi<br \/>\ngibi konularla ilgili sorunlar\u0131n \u00fcyelerimize etkisi ve \u00e7\u00f6z\u00fcm \u00f6nerilerimiz dile getirildi.<\/p>\n<p>\u0130stihdam raporunda ise \u00f6zellikle kentteki tekstil sekt\u00f6r\u00fcnde ya\u015fanan istihdam kayb\u0131na dikkat \u00e7ekilirken i\u015fletmelerin istihdam maliyetlerindeki art\u0131\u015flar\u0131n\u0131n dezavantajl\u0131 gruplar\u0131n istihdam\u0131na olumsuz yans\u0131malar\u0131 vurguland\u0131. Raporda ayr\u0131ca Mardin TSO taraf\u0131ndan geli\u015ftirilen \u00e7\u00f6z\u00fcm \u00f6nerileri de payla\u015f\u0131ld\u0131.<\/p>\n<p>B\u00fclten<\/p>\n","protected":false},"excerpt":{"rendered":"<p>Mardin Ticaret ve Sanayi Odas\u0131 Y\u00f6netim Kurulu Ba\u015fkan\u0131 Hatip \u00c7elik, bir dizi toplant\u0131 ve ziyaretler i\u00e7in Mardin\u2019e gelen Ula\u015ft\u0131rma ve Altyap\u0131 Bakan\u0131 Abd\u00fclkadir Uralo\u011flu ile \u00c7al\u0131\u015fma ve Sosyal G\u00fcvenlik Bakan\u0131 Prof. Dr. Vedat I\u015f\u0131khan\u2019\u0131 Mardin Prof. Dr. Aziz Sancar Havaliman\u0131\u2019nda kar\u015f\u0131lad\u0131.<\/p>\n","protected":false},"author":1,"featured_media":111442,"comment_status":"open","ping_status":"open","sticky":false,"template":"","format":"standard","meta":{"footnotes":""},"categories":[3,4,9,18,30],"tags":[],"class_list":["post-111441","post","type-post","status-publish","format-standard","has-post-thumbnail","hentry","category-guncel","category-manset","category-mardin","category-toplumsal-yasam-gundem","category-ust-manset"],"_links":{"self":[{"href":"https:\/\/mardinhaberyolu.com\/index.php?rest_route=\/wp\/v2\/posts\/111441","targetHints":{"allow":["GET"]}}],"collection":[{"href":"https:\/\/mardinhaberyolu.com\/index.php?rest_route=\/wp\/v2\/posts"}],"about":[{"href":"https:\/\/mardinhaberyolu.com\/index.php?rest_route=\/wp\/v2\/types\/post"}],"author":[{"embeddable":true,"href":"https:\/\/mardinhaberyolu.com\/index.php?rest_route=\/wp\/v2\/users\/1"}],"replies":[{"embeddable":true,"href":"https:\/\/mardinhaberyolu.com\/index.php?rest_route=%2Fwp%2Fv2%2Fcomments&post=111441"}],"version-history":[{"count":1,"href":"https:\/\/mardinhaberyolu.com\/index.php?rest_route=\/wp\/v2\/posts\/111441\/revisions"}],"predecessor-version":[{"id":111443,"href":"https:\/\/mardinhaberyolu.com\/index.php?rest_route=\/wp\/v2\/posts\/111441\/revisions\/111443"}],"wp:featuredmedia":[{"embeddable":true,"href":"https:\/\/mardinhaberyolu.com\/index.php?rest_route=\/wp\/v2\/media\/111442"}],"wp:attachment":[{"href":"https:\/\/mardinhaberyolu.com\/index.php?rest_route=%2Fwp%2Fv2%2Fmedia&parent=111441"}],"wp:term":[{"taxonomy":"category","embeddable":true,"href":"https:\/\/mardinhaberyolu.com\/index.php?rest_route=%2Fwp%2Fv2%2Fcategories&post=111441"},{"taxonomy":"post_tag","embeddable":true,"href":"https:\/\/mardinhaberyolu.com\/index.php?rest_route=%2Fwp%2Fv2%2Ftags&post=111441"}],"curies":[{"name":"wp","href":"https:\/\/api.w.org\/{rel}","templated":true}]}}