{"id":111426,"date":"2025-11-28T08:30:13","date_gmt":"2025-11-28T08:30:13","guid":{"rendered":"https:\/\/mardinhaberyolu.com\/?p=111426"},"modified":"2025-11-28T08:30:13","modified_gmt":"2025-11-28T08:30:13","slug":"artan-siddet-olaylari-kiziltepede-stklari-harekete-gecirdi","status":"publish","type":"post","link":"https:\/\/mardinhaberyolu.com\/?p=111426","title":{"rendered":"Artan \u015eiddet Olaylar\u0131 K\u0131z\u0131ltepe\u2019de STK\u2019lar\u0131 Harekete Ge\u00e7irdi"},"content":{"rendered":"<p>K\u0131sa ad\u0131 MAS\u0130F olan federasyonun yapt\u0131\u011f\u0131 a\u00e7\u0131klamada b\u00f6lgede ve Mardin\u2019de artan \u015fiddet i\u00e7erikli olaylara duyulan kayg\u0131 dile getirilerek tepki g\u00f6sterildi. Duyarl\u0131l\u0131k \u00e7a\u011fr\u0131s\u0131n\u0131n yap\u0131ld\u0131\u011f\u0131 a\u00e7\u0131klamada, \u201cK\u0131z\u0131ltepe ve Mardin halk\u0131na sesleniyoruz.\u00a0 Acil taraf\u0131ndan aile b\u00fcy\u00fckleri herkes kendi gencini kendi evlatlar\u0131n\u0131 toplay\u0131p, edep ve terbiyeye davet etmeli\u201d vurgusu yap\u0131ld\u0131.<\/p>\n<p>\u0130\u015fte ders \u00e7\u0131kar\u0131lmas\u0131 gereken o a\u00e7\u0131klaman\u0131n tamam\u0131:<\/p>\n<p>NE OLDU BIZE B\u00d6YLE<\/p>\n<p>NE OLUYOR MARDIN<\/p>\n<p>NE OLUYOR BATMAN<\/p>\n<p>NE OLUYOR \u015e URFA<\/p>\n<p>Nerde eski geleneklerimiz<\/p>\n<p>Nerde eski ananelerimiz<\/p>\n<p>Nerde b\u00fcy\u00fcklere sayg\u0131<\/p>\n<p>Nerde k\u00fc\u00e7\u00fcklere sevgi<\/p>\n<p>Nerde \u00f6rflerimiz<\/p>\n<p>Nerde adetlerimiz<\/p>\n<p>Biz b\u00f6yle de\u011fildik<\/p>\n<p>Bir birimizi seviyorduk<\/p>\n<p>Bir birimizi say\u0131yorduk<\/p>\n<p>Kom\u015fuluk k\u0131ymeti vard\u0131<\/p>\n<p>\u0130nsan\u0131 de\u011ferler vard\u0131<\/p>\n<p>\u0130nsanlar\u0131m\u0131z duyarl\u0131yd\u0131<\/p>\n<p>Feodal yap\u0131y\u0131 bir birimize \u015fikayet ederek demokrat olamad\u0131k.<\/p>\n<p>Oysa dinimiz \u0130slam b\u00f6yle canili\u011fi b\u00f6yle kavgay\u0131 b\u00f6yle kini b\u00f6yle nefreti bize \u00f6\u011fretmedi<\/p>\n<p>Atalar\u0131m\u0131zda bize b\u00f6yle bir nefreti b\u00f6yle bir kini \u00f6\u011fretmedi.<\/p>\n<p>Dinimize g\u00f6re kom\u015fu kom\u015funun miras\u00e7\u0131s\u0131d\u0131r.<\/p>\n<p>Dinimizde paraya tapma yoktur.<\/p>\n<p>Dinimizde kin yoktur.<\/p>\n<p>Dinimizde nefret yoktur.<\/p>\n<p>Ne oldu bize b\u00f6yle<\/p>\n<p>Ned\u0131r bu kin bu \u00f6fke bu sinir bu agresiflik<\/p>\n<p>Nerden geldi nas\u0131l bula\u015ft\u0131 bize<\/p>\n<p>Aram\u0131zda sayg\u0131, kadir, k\u0131ymet kalmam\u0131\u015f hangi \u015feytani duygu bizi bu hale getirdi<\/p>\n<p>Hangi \u015feytani fikir bize bu nefreti a\u015f\u0131lad\u0131.<\/p>\n<p>Hangi \u015feytani duygu bizi bu kadar ahlaks\u0131z yapt\u0131.<\/p>\n<p>Paraya tapar olduk.<\/p>\n<p>Bir birimizi tahm\u00fcl etmez hale geldik.<\/p>\n<p>Nerden geldi bu kibir bu \u00f6fke bu tahamm\u00fcls\u00fczl\u00fck<\/p>\n<p>Her Allah\u2019\u0131n g\u00fcn\u00fc K\u0131z\u0131ltepe\u2019de bir olay oluyor g\u00fcnde bir iki insan\u0131m\u0131z\u0131 topra\u011fa veriyoruz.<\/p>\n<p>Daha d\u00fcn bir aile k\u00f6kten yok oldu iki tane gen\u00e7 evli \u00e7ift\u00a0 ve yanlar\u0131nda 5 ya\u015f\u0131nda\u00a0\u00a0 bir k\u0131z \u00e7ocu\u011fu kafalar\u0131na kur\u015fun s\u0131k\u0131larak \u00f6ld\u00fcr\u00fcld\u00fc.<\/p>\n<p>Bizim dinimiz b\u00f6yle bir \u015feyi asla kabul etmez \u00f6rf ve adetlerimizde kad\u0131na el kald\u0131rmak yoktur. hele hele 5 ya\u015f\u0131nda bir k\u0131z \u00e7ocu\u011funu \u00f6ld\u00fcrmek nerde g\u00f6r\u00fclm\u00fc\u015f d\u00fcnyan\u0131n hi\u00e7 bir yerinde yok bizim \u00f6rf ve adetlerimizde hi\u00e7 yok<\/p>\n<p>Bu g\u00fcn K\u0131z\u0131ltepe\u2019de cereyan eden iki kuyumcu esnaf\u0131n bir klima veya bir tabelan\u0131n duvara mintalama i\u00e7in \u00e7\u0131kan vahim kavgada \u00e7ar\u015f\u0131n\u0131n ortas\u0131nda K\u0131z\u0131ltepe Cumhuriyet meydan\u0131nda ya\u015fanan olayda bir s\u00fcr\u00fc gen\u00e7ler yaraland\u0131 sonu\u00e7 fidan gibi 40 ya\u015flar\u0131nda bir kuyumcu esnaf\u0131m\u0131z\u0131 kay\u0131p etik yaz\u0131k de\u011fil mi? 40 ya\u015fs\u0131nda bir genci topra\u011fa verdik<\/p>\n<p>Biz Mezopotamya aile sosyal ili\u015fkiler ve k\u00fclt\u00fcr federasyonu y\u00f6netim kurulu \u00fcyeleri olarak<\/p>\n<p>K\u0131z\u0131ltepe ve Mardin halk\u0131na sesleniyoruz.<\/p>\n<p>Acil taraf\u0131ndan aile b\u00fcy\u00fckleri herkes kendi gencini kendi evlatlar\u0131n\u0131 toplay\u0131p<\/p>\n<p>Edep ve terbiyeye davet etmeli<\/p>\n<p>Gen\u00e7lerimizin bir an evvel bu kini bu \u00f6fkeyi bu nefreti b\u0131rak\u0131p<\/p>\n<p>Kendi \u00f6z gelenek ve g\u00f6reneklerine sar\u0131l\u0131p\u00a0 b\u00fcy\u00fcklerine olan sayg\u0131y\u0131 k\u00fc\u00e7\u00fcklerine olan sevgiyi muhafaza edip kom\u015funun hakk\u0131na hukukuna sayg\u0131l\u0131 olmaya davet edilmeli gen\u00e7lerimizi<\/p>\n<p>\u0130nsan\u0131 de\u011ferleri koruman\u0131n ve<\/p>\n<p>Hakk\u0131 hukuku savunman\u0131n yolunu a\u015f\u0131layal\u0131m,\u00a0 kendimize verdi\u011fimiz de\u011feri kar\u015f\u0131m\u0131zdakinde verelim kom\u015fumuza da verelim<\/p>\n<p>Sivil toplum kurulu\u015flar\u0131 acil toplanal\u0131m mutlaka bu olan biten olaylara duyars\u0131z kalmayal\u0131m<\/p>\n<p>Devletimize seslenelim devletimiz gen\u00e7lerimizi mutlak suretle s\u0131k\u0131 bir makyaja al\u0131p b\u00f6ylesi kin ve nefreti gen\u00e7lerimize a\u015f\u0131layan edepsiz gen\u00e7leri mutlaka adli makamklara bildirip gereken cezaya tabi tutulmalar\u0131n\u0131 hep beraber sa\u011flayal\u0131m<\/p>\n<p>Biz Mezopotamya aile sosyal ili\u015fkiler ve k\u00fclt\u00fcr federasyonu y\u00f6netim kurulu olarak yak\u0131nda bas\u0131n mensuplar\u0131 ile beraber bu i\u015fin takip\u00e7isi olaca\u011f\u0131z<\/p>\n<p>Duyarl\u0131 olmak insan\u0131 bir g\u00f6revdir<\/p>\n<p>Dinimizde b\u00f6yle bir kin b\u00f6yle bir nefret yoktur.<\/p>\n<p>Mardin batman \u015eanl\u0131urfa bu 3 ilimizde b\u00f6ylesi olaylar her g\u00fcn ya\u015fanmaktad\u0131r<\/p>\n<p>STK lar\u0131 acil birle\u015fip bu 3 ilimizde olup bitenlere duyarl\u0131 davranmal\u0131 herkes\u00a0 \u00fcst\u00fcne d\u00fc\u015feni yapmal\u0131 \u00f6len bizim evlatlar\u0131m\u0131z \u00f6ld\u00fcren bizim evlatlar\u0131m\u0131z kendi evlatlar\u0131m\u0131za sahip \u00e7\u0131kal\u0131m.<\/p>\n<p>Bu pis kini nefreti siniri \u00f6fkeyi insanlar\u0131m\u0131z\u0131n i\u00e7inden \u00e7\u0131karal\u0131m gerekirse haftal\u0131k ayl\u0131k toplant\u0131lar yapal\u0131m gerekirse psikologlar e\u015fli\u011finde insanlar\u0131m\u0131za iyili\u011fi g\u00fczelli\u011fi merhameti a\u015f\u0131layal\u0131m .<\/p>\n<p>Sadece kendimize iyilik yapal\u0131m \u00f6fkeli olan bir insana kar\u015f\u0131 5 dakika sab\u0131rl\u0131 olal\u0131m en b\u00fcy\u00fck iyili\u011fi kendimize yapm\u0131\u015f oluruz ve inan\u0131yoruz ki sinirli olan insan\u0131m\u0131z 5 dakika sonra gelip bizden \u00f6z\u00fcr dileyecek kendinize iyilik yap\u0131n K\u0131z\u0131ltepe&#8217;nin gen\u00e7leri.<\/p>\n<p>Sayg\u0131 ve sevgi ile kal\u0131n<\/p>\n<p>Mezopotamya Aile Sosyal ili\u015fkiler ve K\u00fclt\u00fcr Federasyonu Y\u00f6netim Kurulu<\/p>\n<p>Edit\u00f6r\u00fc: Mardin Haberyolu<\/p>\n","protected":false},"excerpt":{"rendered":"<p>K\u0131z\u0131ltepe\u2019de son d\u00f6nemde \u015fiddetini uygulayan anlay\u0131\u015flar sonucu artan toplumsal olaylar halk\u0131 kayg\u0131s\u0131n\u0131 artt\u0131rd\u0131. Tabanda tart\u0131\u015f\u0131lan bu olaylar il\u00e7ede STK\u2019lar\u0131 harekete ge\u00e7irdi. Bunlardan bir tanesi de Mezopotamya Aile Sosyal ili\u015fkiler ve K\u00fclt\u00fcr Federasyonu\u2019dur. Kayg\u0131 uyand\u0131r\u0131c\u0131 konuyla ilgili y\u00f6netim kurula imzal\u0131 federasyon taraf\u0131ndan bir a\u00e7\u0131klama yap\u0131ld\u0131.<\/p>\n","protected":false},"author":1,"featured_media":111428,"comment_status":"open","ping_status":"open","sticky":false,"template":"","format":"standard","meta":{"footnotes":""},"categories":[3,2,4,18,30],"tags":[],"class_list":["post-111426","post","type-post","status-publish","format-standard","has-post-thumbnail","hentry","category-guncel","category-kiziltepe","category-manset","category-toplumsal-yasam-gundem","category-ust-manset"],"_links":{"self":[{"href":"https:\/\/mardinhaberyolu.com\/index.php?rest_route=\/wp\/v2\/posts\/111426","targetHints":{"allow":["GET"]}}],"collection":[{"href":"https:\/\/mardinhaberyolu.com\/index.php?rest_route=\/wp\/v2\/posts"}],"about":[{"href":"https:\/\/mardinhaberyolu.com\/index.php?rest_route=\/wp\/v2\/types\/post"}],"author":[{"embeddable":true,"href":"https:\/\/mardinhaberyolu.com\/index.php?rest_route=\/wp\/v2\/users\/1"}],"replies":[{"embeddable":true,"href":"https:\/\/mardinhaberyolu.com\/index.php?rest_route=%2Fwp%2Fv2%2Fcomments&post=111426"}],"version-history":[{"count":1,"href":"https:\/\/mardinhaberyolu.com\/index.php?rest_route=\/wp\/v2\/posts\/111426\/revisions"}],"predecessor-version":[{"id":111427,"href":"https:\/\/mardinhaberyolu.com\/index.php?rest_route=\/wp\/v2\/posts\/111426\/revisions\/111427"}],"wp:featuredmedia":[{"embeddable":true,"href":"https:\/\/mardinhaberyolu.com\/index.php?rest_route=\/wp\/v2\/media\/111428"}],"wp:attachment":[{"href":"https:\/\/mardinhaberyolu.com\/index.php?rest_route=%2Fwp%2Fv2%2Fmedia&parent=111426"}],"wp:term":[{"taxonomy":"category","embeddable":true,"href":"https:\/\/mardinhaberyolu.com\/index.php?rest_route=%2Fwp%2Fv2%2Fcategories&post=111426"},{"taxonomy":"post_tag","embeddable":true,"href":"https:\/\/mardinhaberyolu.com\/index.php?rest_route=%2Fwp%2Fv2%2Ftags&post=111426"}],"curies":[{"name":"wp","href":"https:\/\/api.w.org\/{rel}","templated":true}]}}