{"id":111420,"date":"2025-11-28T08:08:34","date_gmt":"2025-11-28T08:08:34","guid":{"rendered":"https:\/\/mardinhaberyolu.com\/?p=111420"},"modified":"2025-11-28T08:08:34","modified_gmt":"2025-11-28T08:08:34","slug":"sosyal-ve-cografi-kosullarin-kadin-cinayetlerine-etkileri-mardinde-masaya-yatirildi","status":"publish","type":"post","link":"https:\/\/mardinhaberyolu.com\/?p=111420","title":{"rendered":"Sosyal ve Co\u011frafi Ko\u015fullar\u0131n Kad\u0131n Cinayetlerine Etkileri Mardin\u2019de Masaya Yat\u0131r\u0131ld\u0131"},"content":{"rendered":"<p>Etkinlikte, kad\u0131na y\u00f6nelik \u015fiddetin k\u00fcresel \u00f6l\u00e7ekteki boyutu, toplumsal etkileri ve \u00e7\u00f6z\u00fcm yollar\u0131 geni\u015f bir perspektifle ele al\u0131nd\u0131. Birle\u015fmi\u015f Milletler verilerine g\u00f6re her y\u0131l d\u00fcnya genelinde 50 binden fazla kad\u0131n\u0131n \u015fiddet nedeniyle hayat\u0131n\u0131 kaybetti\u011fine dikkat \u00e7ekildi.<\/p>\n<p>\u201cKad\u0131na y\u00f6nelik \u015fiddet toplumun en derin yaras\u0131d\u0131r\u201d<\/p>\n<p>Programda konu\u015fan AK Parti Erzurum Milletvekili Av. Fatma \u00d6nc\u00fc, kad\u0131na y\u00f6nelik \u015fiddetin yaln\u0131zca bireysel bir sorun de\u011fil, toplumun t\u00fcm kesimlerini ilgilendiren ciddi bir mesele oldu\u011funa vurgu yapt\u0131.<\/p>\n<p>\u00d6nc\u00fc, konu\u015fmas\u0131nda \u015fu ifadelere yer verdi, \u201cKad\u0131na y\u00f6nelik \u015fiddetin \u00f6nlenmesi sadece devletin ya da birka\u00e7 kurumun de\u011fil, toplumun t\u00fcm kesimlerinin ortak m\u00fccadelesidir. Bir \u00e7\u0131\u011fl\u0131\u011fa kulak vermek, \u2018yaln\u0131z de\u011filsin\u2019 demek, KADES\u2019i bilmek ve \u00f6\u011fretmek, \u015fiddeti normalle\u015ftiren dile \u2018hay\u0131r\u2019 demek hepimizin sorumlulu\u011fudur.\u201d<\/p>\n<p>KADEM\u2019in ulusal \u00e7apta y\u00fcr\u00fctt\u00fc\u011f\u00fc \u201c\u015eiddete Kar\u015f\u0131 Hep Birlikte\u201d kampanyas\u0131n\u0131n sembol\u00fc olan Turuncu Nokta\u2019n\u0131n, toplumsal dayan\u0131\u015fman\u0131n g\u00fc\u00e7l\u00fc bir simgesi oldu\u011funa dikkat \u00e7ekildi.<\/p>\n<p><img fetchpriority=\"high\" decoding=\"async\" class=\"alignnone size-medium wp-image-111423\" src=\"https:\/\/mardinhaberyolu.com\/wp-content\/uploads\/2025\/11\/IMG-20251128-WA0025-244x300.jpg\" alt=\"\" width=\"244\" height=\"300\" srcset=\"https:\/\/mardinhaberyolu.com\/wp-content\/uploads\/2025\/11\/IMG-20251128-WA0025-244x300.jpg 244w, https:\/\/mardinhaberyolu.com\/wp-content\/uploads\/2025\/11\/IMG-20251128-WA0025-833x1024.jpg 833w, https:\/\/mardinhaberyolu.com\/wp-content\/uploads\/2025\/11\/IMG-20251128-WA0025-768x944.jpg 768w, https:\/\/mardinhaberyolu.com\/wp-content\/uploads\/2025\/11\/IMG-20251128-WA0025-1250x1536.jpg 1250w, https:\/\/mardinhaberyolu.com\/wp-content\/uploads\/2025\/11\/IMG-20251128-WA0025.jpg 1536w\" sizes=\"(max-width: 244px) 100vw, 244px\" \/><\/p>\n<p><strong>KADEM Mardin \u0130l Temsilcisi Av. Muazzez \u00c7e\u00e7en, \u201cBu m\u00fccadele bir g\u00fcn de\u011fil, her g\u00fcn devam etmeli\u201d<\/strong><\/p>\n<p>&nbsp;<\/p>\n<p>KADEM Mardin \u0130l Temsilcisi Av. Muazzez \u00c7e\u00e7en, g\u00fcn\u00fcn anlam ve \u00f6nemine ili\u015fkin yapt\u0131\u011f\u0131 konu\u015fmada, kad\u0131na y\u00f6nelik \u015fiddetin \u00e7ok boyutlu bir sorun oldu\u011funu belirtti.<\/p>\n<p>\u00c7e\u00e7en konu\u015fmas\u0131nda \u201cKad\u0131na y\u00f6nelik \u015fiddet yaln\u0131zca bireysel bir trajedi de\u011fildir; sosyal yap\u0131, k\u00fclt\u00fcrel kal\u0131plar ve co\u011frafi ko\u015fullar bu sorunu derinle\u015ftirebilmektedir. D\u00fcnyada her g\u00fcn y\u00fczlerce kad\u0131n \u015fiddet nedeniyle hayat\u0131n\u0131 kaybediyor. Bu sadece istatistik de\u011fil; her biri bir anne, bir evlat, bir hayatt\u0131r. M\u00fccadele fark\u0131ndal\u0131kla ba\u015flar ve bizler bu fark\u0131ndal\u0131\u011f\u0131 b\u00fcy\u00fctmek i\u00e7in buraday\u0131z.\u201d ifadelerini kulland\u0131.<\/p>\n<p>KADEM\u2019in Mardin\u2019de hukuki destek, psikososyal dayan\u0131\u015fma, e\u011fitim faaliyetleri ve kurumlar aras\u0131 i\u015f birli\u011fine y\u00f6nelik \u00e7al\u0131\u015fmalar\u0131n\u0131 kararl\u0131l\u0131kla s\u00fcrd\u00fcrd\u00fc\u011f\u00fcn\u00fc de vurgulad\u0131.<\/p>\n<p>Kad\u0131n cinayetlerinde sosyal ve co\u011frafi etkiler ele al\u0131nd\u0131<\/p>\n<p>Konferansta, \u00f6zellikle Mardin\u2019in sosyok\u00fclt\u00fcrel yap\u0131s\u0131, ekonomik ko\u015fullar, k\u0131rsal ve kentsel farklar, aile i\u00e7i ileti\u015fim, geleneksel yap\u0131lar ve destek mekanizmalar\u0131na eri\u015fim gibi ba\u015fl\u0131klar detayl\u0131 olarak de\u011ferlendirildi. Kad\u0131n cinayetlerinin olu\u015fumunda b\u00f6lgesel dinamiklerin rol\u00fc bilimsel veriler \u0131\u015f\u0131\u011f\u0131nda tart\u0131\u015f\u0131ld\u0131.<\/p>\n<p>Geni\u015f kat\u0131l\u0131m sa\u011fland\u0131<\/p>\n<p>Programa AK Parti Mardin Milletvekilleri Faruk K\u0131l\u0131\u00e7, Dr. Muhammed Adak, Artuklu \u00dcniversitesi Rekt\u00f6r\u00fc Prof. Dr. \u0130brahim \u00d6zco\u015far, AK Parti \u0130l Ba\u015fkan\u0131 Mehmet Uncu, siyasi parti temsilcileri il ve il\u00e7e te\u015fkilatlar\u0131, kamu kurum temsilcileri, sivil toplum kurulu\u015flar\u0131, akademisyenler ve \u00e7ok say\u0131da vatanda\u015f kat\u0131ld\u0131.<\/p>\n<p>Kat\u0131l\u0131mc\u0131lar, \u015fiddetin \u00f6nlenmesine y\u00f6nelik yap\u0131lmas\u0131 gereken \u00e7al\u0131\u015fmalar, kurumlar\u0131n sorumluluklar\u0131 ve toplumsal duyarl\u0131l\u0131\u011f\u0131n art\u0131r\u0131lmas\u0131 \u00fczerine kar\u015f\u0131l\u0131kl\u0131 g\u00f6r\u00fc\u015f al\u0131\u015fveri\u015finde bulundu.<\/p>\n<p>Toplumsal dayan\u0131\u015fma mesaj\u0131 verildi.<\/p>\n<p>Program, kad\u0131na y\u00f6nelik \u015fiddetin \u00f6nlenmesine y\u00f6nelik ortak m\u00fccadele vurgusuyla sona erdi. KADEM\u2019in \u201c\u015eiddete Kar\u015f\u0131 Hep Birlikte\u201d \u00e7a\u011fr\u0131s\u0131, salonda bulunan t\u00fcm kat\u0131l\u0131mc\u0131lar taraf\u0131ndan g\u00fc\u00e7l\u00fc bir \u015fekilde desteklendi.<\/p>\n<p><img decoding=\"async\" class=\"alignnone size-medium wp-image-111424\" src=\"https:\/\/mardinhaberyolu.com\/wp-content\/uploads\/2025\/11\/IMG-20251128-WA0026-300x200.jpg\" alt=\"\" width=\"300\" height=\"200\" srcset=\"https:\/\/mardinhaberyolu.com\/wp-content\/uploads\/2025\/11\/IMG-20251128-WA0026-300x200.jpg 300w, https:\/\/mardinhaberyolu.com\/wp-content\/uploads\/2025\/11\/IMG-20251128-WA0026-1024x683.jpg 1024w, https:\/\/mardinhaberyolu.com\/wp-content\/uploads\/2025\/11\/IMG-20251128-WA0026-768x512.jpg 768w, https:\/\/mardinhaberyolu.com\/wp-content\/uploads\/2025\/11\/IMG-20251128-WA0026-1536x1024.jpg 1536w, https:\/\/mardinhaberyolu.com\/wp-content\/uploads\/2025\/11\/IMG-20251128-WA0026.jpg 1620w\" sizes=\"(max-width: 300px) 100vw, 300px\" \/><\/p>\n<p>Mardin Haberyolu<\/p>\n","protected":false},"excerpt":{"rendered":"<p>KADEM Mardin \u0130l Temsilcili\u011fi taraf\u0131ndan, 25 Kas\u0131m Kad\u0131na Y\u00f6nelik \u015eiddete Kar\u015f\u0131 Uluslararas\u0131 M\u00fccadele G\u00fcn\u00fc kapsam\u0131nda \u201cSosyal ve Co\u011frafi Ko\u015fullar\u0131n Kad\u0131n Cinayetlerindeki Etkileri\u201d konulu konferans d\u00fczenlendi. Mardin Artuklu \u00dcniversitesi Konferans Salonu\u2019nda ger\u00e7ekle\u015ftirilen programa, AK Parti Erzurum Milletvekili Av. Fatma \u00d6nc\u00fc konu\u015fmac\u0131 olarak kat\u0131ld\u0131.<\/p>\n","protected":false},"author":1,"featured_media":111422,"comment_status":"open","ping_status":"open","sticky":false,"template":"","format":"standard","meta":{"footnotes":""},"categories":[3,4,9,18,30],"tags":[],"class_list":["post-111420","post","type-post","status-publish","format-standard","has-post-thumbnail","hentry","category-guncel","category-manset","category-mardin","category-toplumsal-yasam-gundem","category-ust-manset"],"_links":{"self":[{"href":"https:\/\/mardinhaberyolu.com\/index.php?rest_route=\/wp\/v2\/posts\/111420","targetHints":{"allow":["GET"]}}],"collection":[{"href":"https:\/\/mardinhaberyolu.com\/index.php?rest_route=\/wp\/v2\/posts"}],"about":[{"href":"https:\/\/mardinhaberyolu.com\/index.php?rest_route=\/wp\/v2\/types\/post"}],"author":[{"embeddable":true,"href":"https:\/\/mardinhaberyolu.com\/index.php?rest_route=\/wp\/v2\/users\/1"}],"replies":[{"embeddable":true,"href":"https:\/\/mardinhaberyolu.com\/index.php?rest_route=%2Fwp%2Fv2%2Fcomments&post=111420"}],"version-history":[{"count":2,"href":"https:\/\/mardinhaberyolu.com\/index.php?rest_route=\/wp\/v2\/posts\/111420\/revisions"}],"predecessor-version":[{"id":111425,"href":"https:\/\/mardinhaberyolu.com\/index.php?rest_route=\/wp\/v2\/posts\/111420\/revisions\/111425"}],"wp:featuredmedia":[{"embeddable":true,"href":"https:\/\/mardinhaberyolu.com\/index.php?rest_route=\/wp\/v2\/media\/111422"}],"wp:attachment":[{"href":"https:\/\/mardinhaberyolu.com\/index.php?rest_route=%2Fwp%2Fv2%2Fmedia&parent=111420"}],"wp:term":[{"taxonomy":"category","embeddable":true,"href":"https:\/\/mardinhaberyolu.com\/index.php?rest_route=%2Fwp%2Fv2%2Fcategories&post=111420"},{"taxonomy":"post_tag","embeddable":true,"href":"https:\/\/mardinhaberyolu.com\/index.php?rest_route=%2Fwp%2Fv2%2Ftags&post=111420"}],"curies":[{"name":"wp","href":"https:\/\/api.w.org\/{rel}","templated":true}]}}