{"id":111415,"date":"2025-11-27T10:30:42","date_gmt":"2025-11-27T10:30:42","guid":{"rendered":"https:\/\/mardinhaberyolu.com\/?p=111415"},"modified":"2025-11-27T11:24:41","modified_gmt":"2025-11-27T11:24:41","slug":"ulastirma-ve-altyapi-bakani-abdulkadir-uraloglu-mardine-geliyor","status":"publish","type":"post","link":"https:\/\/mardinhaberyolu.com\/?p=111415","title":{"rendered":"Ula\u015ft\u0131rma ve Altyap\u0131 Bakan\u0131 Abdulkadir Uralo\u011flu Mardin\u2019e Geliyor"},"content":{"rendered":"<p>\u00c7al\u0131\u015fma ve Sosyal G\u00fcvenlik Bakan\u0131 ve Mardinli hem\u015fehrimiz Prof. Dr. Vedat I\u015f\u0131khan\u2019\u0131n davetiyle, Ula\u015ft\u0131rma ve Altyap\u0131 Bakan\u0131 Abdulkadir Uralo\u011flu, Mardin\u2019e bir dizi temaslarda bulunmak \u00fczere \u015fehrimize geliyor. Ziyaret kapsam\u0131nda, Mardin\u2019in ula\u015f\u0131m altyap\u0131s\u0131n\u0131 g\u00fc\u00e7lendirecek \u00f6nemli yat\u0131r\u0131m ba\u015fl\u0131klar\u0131 ele al\u0131nacak.<\/p>\n<p>Uzun s\u00fcredir g\u00fcndemde olan Mardin \u00c7evre Yolu Projesi\u2019nin ilk etab\u0131 olan g\u00fcneybat\u0131 k\u0131sm\u0131na ili\u015fkin m\u00fcjdenin bu ziyaretle birlikte a\u00e7\u0131klanmas\u0131 bekleniyor. Toplam 41 kilometre uzunlu\u011fundaki proje, \u015fehir i\u00e7i trafi\u011fini \u00f6nemli \u00f6l\u00e7\u00fcde rahatlatacak stratejik bir yat\u0131r\u0131m niteli\u011fi ta\u015f\u0131yor.<br \/>\nGeni\u015fletilmi\u015f \u0130l Ba\u015fkanlar\u0131 Toplant\u0131s\u0131\u2019nda \u00e7evre yoluyla ilgili talebimizi bizzat Say\u0131n Cumhurba\u015fkan\u0131m\u0131za iletmi\u015f olmam\u0131z, bu s\u00fcre\u00e7te beklentilerimizi daha da g\u00fc\u00e7lendirmi\u015ftir.<\/p>\n<p>Ziyarette ayr\u0131ca \u015fu ba\u015fl\u0131klar\u0131n da ele al\u0131nmas\u0131 planlan\u0131yor:<br \/>\n\u2022 Ceylanp\u0131nar\u2013K\u0131z\u0131ltepe Karayolu yat\u0131r\u0131m\u0131n\u0131n h\u0131zland\u0131r\u0131lmas\u0131,<br \/>\n\u2022 Mardin\u2013Midyat B\u00f6l\u00fcnm\u00fc\u015f Yol Projesi\u2019nin (\u00d6merli \u00c7evre Yolu dahil) tamamlanmas\u0131,<br \/>\n\u2022 Savur\u2013Artuklu Yolu \u00e7al\u0131\u015fmalar\u0131n\u0131n h\u0131zland\u0131r\u0131lmas\u0131,<br \/>\n\u2022 K\u0131z\u0131ltepe\u2013Artuklu Yolu i\u00e7in kav\u015fak ve altge\u00e7it d\u00fczenlemeleri,<br \/>\n\u2022 Derik ve Midyat \u00c7evre Yolu projelerinin hayata ge\u00e7irilmesi.<\/p>\n<p>Bunun yan\u0131nda, Kalk\u0131nma Yolu Projesi kapsam\u0131nda Habur\u2019a uzanacak h\u0131zl\u0131 tren hatt\u0131 ve \u015eanl\u0131urfa ba\u011flant\u0131s\u0131n\u0131n h\u0131zland\u0131r\u0131lmas\u0131 da g\u00fcndemin \u00f6nemli ba\u015fl\u0131klar\u0131 aras\u0131nda yer al\u0131yor. Bu b\u00fcy\u00fck \u00f6l\u00e7ekli yat\u0131r\u0131m\u0131n, Ter\u00f6rs\u00fcz T\u00fcrkiye vizyonu ve b\u00f6lgede sa\u011flanan istikrarla birlikte Mardin\u2019i b\u00f6lgesel bir lojistik ve ula\u015f\u0131m \u00fcss\u00fc haline getirmesi hedefleniyor.<\/p>\n<p>Bu stratejik projelerin Mardin\u2019e kazand\u0131r\u0131lmas\u0131nda desteklerini esirgemeyen<br \/>\nCumhurba\u015fkan\u0131m\u0131z Say\u0131n Recep Tayyip Erdo\u011fan\u2019a,<br \/>\nUla\u015ft\u0131rma ve Altyap\u0131 Bakan\u0131m\u0131z Abdulkadir Uralo\u011flu\u2019na,<br \/>\n\u00c7al\u0131\u015fma ve Sosyal G\u00fcvenlik Bakan\u0131m\u0131z Prof. Dr. Vedat I\u015f\u0131khan\u2019a,<br \/>\nMardin Valimiz ve B\u00fcy\u00fck\u015fehir Belediye Ba\u015fkan Vekilimiz Say\u0131n Tuncay Akkoyun\u2019a,<br \/>\nmilletvekillerimiz Say\u0131n Dr. Muhammet Adak ve Say\u0131n Faruk K\u0131l\u0131\u00e7\u2019a,<br \/>\nbelediye ba\u015fkanlar\u0131m\u0131z Veysi \u015eahin, H\u00fcsamettin Alt\u0131nda\u011f, Hayrettin Demir ve Engin U\u011fur Hamidi\u2019ye,<br \/>\nCumhur \u0130ttifak\u0131 orta\u011f\u0131m\u0131z Say\u0131n Ferhan Bozku\u015f\u2019a<br \/>\nve eme\u011fi ge\u00e7en t\u00fcm yetkililere te\u015fekk\u00fcr ederiz.<\/p>\n<p>Haber Merkezi<\/p>\n","protected":false},"excerpt":{"rendered":"<p>\u00c7al\u0131\u015fma ve Sosyal G\u00fcvenlik Bakan\u0131 ve Mardinli hem\u015fehrimiz Prof. Dr. Vedat I\u015f\u0131khan\u2019\u0131n davetiyle, Ula\u015ft\u0131rma ve Altyap\u0131 Bakan\u0131 Abdulkadir Uralo\u011flu Mardin\u2019e bir dizi temaslarda bulunmak \u00fczere geliyor. Program kapsam\u0131nda kentin ula\u015f\u0131m altyap\u0131s\u0131na y\u00f6nelik \u00f6nemli yat\u0131r\u0131m ba\u015fl\u0131klar\u0131 ele al\u0131nacak.<\/p>\n","protected":false},"author":1,"featured_media":111416,"comment_status":"open","ping_status":"open","sticky":false,"template":"","format":"standard","meta":{"footnotes":""},"categories":[3,4,9,30],"tags":[],"class_list":["post-111415","post","type-post","status-publish","format-standard","has-post-thumbnail","hentry","category-guncel","category-manset","category-mardin","category-ust-manset"],"_links":{"self":[{"href":"https:\/\/mardinhaberyolu.com\/index.php?rest_route=\/wp\/v2\/posts\/111415","targetHints":{"allow":["GET"]}}],"collection":[{"href":"https:\/\/mardinhaberyolu.com\/index.php?rest_route=\/wp\/v2\/posts"}],"about":[{"href":"https:\/\/mardinhaberyolu.com\/index.php?rest_route=\/wp\/v2\/types\/post"}],"author":[{"embeddable":true,"href":"https:\/\/mardinhaberyolu.com\/index.php?rest_route=\/wp\/v2\/users\/1"}],"replies":[{"embeddable":true,"href":"https:\/\/mardinhaberyolu.com\/index.php?rest_route=%2Fwp%2Fv2%2Fcomments&post=111415"}],"version-history":[{"count":2,"href":"https:\/\/mardinhaberyolu.com\/index.php?rest_route=\/wp\/v2\/posts\/111415\/revisions"}],"predecessor-version":[{"id":111418,"href":"https:\/\/mardinhaberyolu.com\/index.php?rest_route=\/wp\/v2\/posts\/111415\/revisions\/111418"}],"wp:featuredmedia":[{"embeddable":true,"href":"https:\/\/mardinhaberyolu.com\/index.php?rest_route=\/wp\/v2\/media\/111416"}],"wp:attachment":[{"href":"https:\/\/mardinhaberyolu.com\/index.php?rest_route=%2Fwp%2Fv2%2Fmedia&parent=111415"}],"wp:term":[{"taxonomy":"category","embeddable":true,"href":"https:\/\/mardinhaberyolu.com\/index.php?rest_route=%2Fwp%2Fv2%2Fcategories&post=111415"},{"taxonomy":"post_tag","embeddable":true,"href":"https:\/\/mardinhaberyolu.com\/index.php?rest_route=%2Fwp%2Fv2%2Ftags&post=111415"}],"curies":[{"name":"wp","href":"https:\/\/api.w.org\/{rel}","templated":true}]}}