{"id":111410,"date":"2025-11-27T08:07:50","date_gmt":"2025-11-27T08:07:50","guid":{"rendered":"https:\/\/mardinhaberyolu.com\/?p=111410"},"modified":"2025-11-27T08:07:50","modified_gmt":"2025-11-27T08:07:50","slug":"milletvekili-kilic-halka-hizmet-sunmanin-gururunu-yasiyoruz","status":"publish","type":"post","link":"https:\/\/mardinhaberyolu.com\/?p=111410","title":{"rendered":"Milletvekili K\u0131l\u0131\u00e7: Halka Hizmet Sunman\u0131n Gururunu Ya\u015f\u0131yoruz"},"content":{"rendered":"<p>&nbsp;<\/p>\n<p>AK Parti Mardin Milletvekili Faruk K\u0131l\u0131\u00e7, milletvekili se\u00e7ildi\u011fi andan beri meclis \u00e7al\u0131\u015fmalar\u0131 d\u0131\u015f\u0131nda ki t\u00fcm mesaisini memleketi Mardin\u2019de hem\u015ferilerinin yan\u0131nda ge\u00e7irmek i\u00e7in gayret g\u00f6steriyor.<\/p>\n<p>14 May\u0131s genel se\u00e7imlerinde halk\u0131n oylar\u0131yla se\u00e7ilerek Mardin milletvekili olan Faruk K\u0131l\u0131\u00e7 se\u00e7im vaatlerinde s\u00f6yledi\u011fi gibi memleketi Mardin\u2019in her bir kar\u0131\u015f topra\u011f\u0131na hizmet etmek, vatanda\u015f\u0131n\u0131n yan\u0131nda yer alarak talep ve \u00f6nerilerine \u00e7\u00f6z\u00fcm \u00fcretmek i\u00e7in durmadan \u00e7al\u0131\u015fmalar\u0131na devam ediyor.<\/p>\n<p>Baz\u0131 ziyaret ve temaslarda bulunmak amac\u0131yla Mardin\u2019e gelen Milli E\u011fitim Bakan\u0131 Yusuf Tekin\u2019e e\u015flik eden Milletvekili Faruk K\u0131l\u0131\u00e7 Milli E\u011fitim Bakan\u0131\u2019n\u0131n \u00e7al\u0131\u015fmalar\u0131n\u0131 tamamlanmas\u0131n\u0131n hemen ard\u0131ndan memleketi Mardin\u2019den ayr\u0131lmayarak programlar\u0131n\u0131 s\u00fcrd\u00fcrd\u00fc. Bir hafta boyunca programlar\u0131n\u0131 memleketinde devam ettiren Milletvekili K\u0131l\u0131\u00e7 vatanda\u015ftan tam not ald\u0131.<\/p>\n<p><img fetchpriority=\"high\" decoding=\"async\" class=\"alignnone size-medium wp-image-111411\" src=\"https:\/\/mardinhaberyolu.com\/wp-content\/uploads\/2025\/11\/f3-300x200.jpg\" alt=\"\" width=\"300\" height=\"200\" srcset=\"https:\/\/mardinhaberyolu.com\/wp-content\/uploads\/2025\/11\/f3-300x200.jpg 300w, https:\/\/mardinhaberyolu.com\/wp-content\/uploads\/2025\/11\/f3-1024x683.jpg 1024w, https:\/\/mardinhaberyolu.com\/wp-content\/uploads\/2025\/11\/f3-768x512.jpg 768w, https:\/\/mardinhaberyolu.com\/wp-content\/uploads\/2025\/11\/f3-1536x1025.jpg 1536w, https:\/\/mardinhaberyolu.com\/wp-content\/uploads\/2025\/11\/f3.jpg 2048w\" sizes=\"(max-width: 300px) 100vw, 300px\" \/><\/p>\n<p><strong>Milletvekili K\u0131l\u0131\u00e7 Gitti\u011fi Her Yerde \u0130lgi Oda\u011f\u0131 Oluyor<\/strong><\/p>\n<p>AK Parti Mardin Milletvekili Faruk K\u0131l\u0131\u00e7 \u00e7al\u0131\u015fmalar\u0131 kapsam\u0131nda AK Parti Mardin \u0130l Ba\u015fkanl\u0131\u011f\u0131\u2019n\u0131 ziyaret ederek te\u015fkilat mensuplar\u0131yla bir araya geldi. Burada y\u00f6netim kurulu \u00fcyeleriyle toplant\u0131lar ger\u00e7ekle\u015ftirerek isti\u015farelerde bulundu. Memleketin can damar\u0131 niteli\u011finde olan esnaflarla bir araya gelerek hasbihalde bulundu. Olas\u0131 talep ve \u00f6nerilerini alarak i\u015flerinin daha iyi olmas\u0131 i\u00e7in ellerinden geleni yapacaklar\u0131n\u0131 belirtti. Gitti\u011fi her yerde b\u00fcy\u00fck ilgi g\u00f6ren Milletvekili K\u0131l\u0131\u00e7 T\u00fcrkiye Oryantiring \u015eampiyonas\u0131 2. Kademe Yar\u0131\u015f\u0131 \u00f6d\u00fcl t\u00f6renine kat\u0131larak hak kazanan sporculara \u00f6d\u00fcllerini takdim etti.<\/p>\n<p>AK Parti Genel Ba\u015fkan Yard\u0131mc\u0131s\u0131-Te\u015fkilat Ba\u015fkan\u0131 Ahmet B\u00fcy\u00fckg\u00fcm\u00fc\u015f\u2019\u00fcn kat\u0131l\u0131mlar\u0131yla ger\u00e7ekle\u015ftirilen STK temsilcileriyle bulu\u015fma toplant\u0131s\u0131na kat\u0131larak, toplumun farkl\u0131 kesimlerinden gelen g\u00f6r\u00fc\u015f ve \u00f6nerileri dinleyerek notlar\u0131n\u0131 ald\u0131. Milletvekili K\u0131l\u0131\u00e7, \u201cTer\u00f6rs\u00fcz T\u00fcrkiye yolunda \u00f6nemli ad\u0131mlara vesile olabilecek bu toplant\u0131lar\u0131n \u00e7ok \u00f6nemli oldu\u011funu belirtti.\u201d<\/p>\n<p>\u00d6\u011fretmenleri G\u00fcnlerinde Yaln\u0131z B\u0131rakmad\u0131<\/p>\n<p>Kutsal oldu\u011fu kadar b\u00fcy\u00fck bir sorumluluk gerektiren \u00f6\u011fretmenlik mesle\u011finin fedak\u00e2rl\u0131\u011f\u0131n\u0131 her platformda dile getiren K\u0131l\u0131\u00e7, 24 Kas\u0131m \u00d6\u011fretmenler G\u00fcn\u00fc vesilesiyle d\u00fczenlenen etkinli\u011fe kat\u0131larak de\u011ferli e\u011fitim camias\u0131yla bir araya geldi. Erzurum Milletvekili Fatma \u00d6nc\u00fc\u2019n\u00fcn kat\u0131l\u0131m\u0131yla ger\u00e7ekle\u015ftirilen Sosyal ve Co\u011frafi Ko\u015fullar\u0131n Kad\u0131n Cinayetlerindeki Etkileri Konferans\u0131na kat\u0131lan K\u0131l\u0131\u00e7, \u201cBizler kad\u0131nlar\u0131m\u0131z\u0131n g\u00fcvenle ya\u015fayabildi\u011fi, \u00f6zg\u00fcrce var olabildi\u011fi, \u00fcretime ve hayata e\u015fit \u015fekilde kat\u0131labildi\u011fi bir toplumun ancak g\u00fc\u00e7l\u00fc bir dayan\u0131\u015fma ve ortak bilin\u00e7le m\u00fcmk\u00fcn olaca\u011f\u0131na inan\u0131yoruz. Bu do\u011frultuda d\u00fczenlenen her etkinlik, her akademik \u00e7al\u0131\u015fma ve her toplumsal fark\u0131ndal\u0131k ad\u0131m\u0131, kad\u0131nlar\u0131n ya\u015fam hakk\u0131 i\u00e7in verilen m\u00fccadelenin \u00f6nemli bir par\u00e7as\u0131d\u0131r.\u201d Diyerek \u00f6nemli mesajlara yer verdi. Mardin Valisi\/B\u00fcy\u00fck\u015fehir Ba\u015fkan Vekili Tuncay Akkoyun ile yerel sorunlar\u0131 kapsayan g\u00f6r\u00fc\u015fmenin ard\u0131ndan Artuklu ve K\u0131z\u0131ltepe il\u00e7elerinde \u00e7e\u015fitli ziyaretler ger\u00e7ekle\u015ftirerek vatanda\u015flar\u0131n ac\u0131 ve mutlu g\u00fcnlerinde yanlar\u0131nda oldu.<\/p>\n<p>Halk\u0131m\u0131za Hizmet Etmekten Hep Onur Duyduk<\/p>\n<p>Programlar\u0131n\u0131 her defas\u0131nda dolu dolu bir \u015fekilde tamamlayan Milletvekili K\u0131l\u0131\u00e7, \u201cHalk\u0131m\u0131zdan ald\u0131\u011f\u0131m\u0131z sorumlulu\u011fu g\u00fcven i\u00e7erisinde yine halk\u0131m\u0131za hizmet olarak sunman\u0131n gururunu ya\u015f\u0131yoruz. D\u00fcn oldu\u011fu gibi bundan sonra da daima memleketime hizmet etmek, vatanda\u015flar\u0131m\u0131n dertleriyle hemhal olmak i\u00e7in durmadan \u00e7al\u0131\u015fmalar\u0131m\u0131za devam edece\u011fiz.\u201d Dedi<\/p>\n<p><img decoding=\"async\" class=\"alignnone size-medium wp-image-111412\" src=\"https:\/\/mardinhaberyolu.com\/wp-content\/uploads\/2025\/11\/f1-300x225.jpg\" alt=\"\" width=\"300\" height=\"225\" srcset=\"https:\/\/mardinhaberyolu.com\/wp-content\/uploads\/2025\/11\/f1-300x225.jpg 300w, https:\/\/mardinhaberyolu.com\/wp-content\/uploads\/2025\/11\/f1-1024x768.jpg 1024w, https:\/\/mardinhaberyolu.com\/wp-content\/uploads\/2025\/11\/f1-768x576.jpg 768w, https:\/\/mardinhaberyolu.com\/wp-content\/uploads\/2025\/11\/f1-1536x1152.jpg 1536w, https:\/\/mardinhaberyolu.com\/wp-content\/uploads\/2025\/11\/f1.jpg 1600w\" sizes=\"(max-width: 300px) 100vw, 300px\" \/> <img decoding=\"async\" class=\"alignnone size-medium wp-image-111413\" src=\"https:\/\/mardinhaberyolu.com\/wp-content\/uploads\/2025\/11\/f2-300x225.jpg\" alt=\"\" width=\"300\" height=\"225\" srcset=\"https:\/\/mardinhaberyolu.com\/wp-content\/uploads\/2025\/11\/f2-300x225.jpg 300w, https:\/\/mardinhaberyolu.com\/wp-content\/uploads\/2025\/11\/f2-1024x768.jpg 1024w, https:\/\/mardinhaberyolu.com\/wp-content\/uploads\/2025\/11\/f2-768x576.jpg 768w, https:\/\/mardinhaberyolu.com\/wp-content\/uploads\/2025\/11\/f2-1536x1152.jpg 1536w, https:\/\/mardinhaberyolu.com\/wp-content\/uploads\/2025\/11\/f2.jpg 1600w\" sizes=\"(max-width: 300px) 100vw, 300px\" \/><\/p>\n<p>Edit\u00f6r\u00fc: Mardin Haberyolu<\/p>\n","protected":false},"excerpt":{"rendered":"<p>Milletvekili K\u0131l\u0131\u00e7, Halk\u0131m\u0131zdan ald\u0131\u011f\u0131m\u0131z sorumlulu\u011fu g\u00fcven i\u00e7erisinde yine halk\u0131m\u0131za hizmet olarak sunman\u0131n gururunu ya\u015f\u0131yoruz<\/p>\n","protected":false},"author":1,"featured_media":111412,"comment_status":"open","ping_status":"open","sticky":false,"template":"","format":"standard","meta":{"footnotes":""},"categories":[3,4,9,8],"tags":[],"class_list":["post-111410","post","type-post","status-publish","format-standard","has-post-thumbnail","hentry","category-guncel","category-manset","category-mardin","category-politika"],"_links":{"self":[{"href":"https:\/\/mardinhaberyolu.com\/index.php?rest_route=\/wp\/v2\/posts\/111410","targetHints":{"allow":["GET"]}}],"collection":[{"href":"https:\/\/mardinhaberyolu.com\/index.php?rest_route=\/wp\/v2\/posts"}],"about":[{"href":"https:\/\/mardinhaberyolu.com\/index.php?rest_route=\/wp\/v2\/types\/post"}],"author":[{"embeddable":true,"href":"https:\/\/mardinhaberyolu.com\/index.php?rest_route=\/wp\/v2\/users\/1"}],"replies":[{"embeddable":true,"href":"https:\/\/mardinhaberyolu.com\/index.php?rest_route=%2Fwp%2Fv2%2Fcomments&post=111410"}],"version-history":[{"count":1,"href":"https:\/\/mardinhaberyolu.com\/index.php?rest_route=\/wp\/v2\/posts\/111410\/revisions"}],"predecessor-version":[{"id":111414,"href":"https:\/\/mardinhaberyolu.com\/index.php?rest_route=\/wp\/v2\/posts\/111410\/revisions\/111414"}],"wp:featuredmedia":[{"embeddable":true,"href":"https:\/\/mardinhaberyolu.com\/index.php?rest_route=\/wp\/v2\/media\/111412"}],"wp:attachment":[{"href":"https:\/\/mardinhaberyolu.com\/index.php?rest_route=%2Fwp%2Fv2%2Fmedia&parent=111410"}],"wp:term":[{"taxonomy":"category","embeddable":true,"href":"https:\/\/mardinhaberyolu.com\/index.php?rest_route=%2Fwp%2Fv2%2Fcategories&post=111410"},{"taxonomy":"post_tag","embeddable":true,"href":"https:\/\/mardinhaberyolu.com\/index.php?rest_route=%2Fwp%2Fv2%2Ftags&post=111410"}],"curies":[{"name":"wp","href":"https:\/\/api.w.org\/{rel}","templated":true}]}}