{"id":111404,"date":"2025-11-26T13:10:51","date_gmt":"2025-11-26T13:10:51","guid":{"rendered":"https:\/\/mardinhaberyolu.com\/?p=111404"},"modified":"2025-11-26T13:10:51","modified_gmt":"2025-11-26T13:10:51","slug":"amak-mardinin-gururu-turkiye-sampiyonu-sporcuyu-agirladi","status":"publish","type":"post","link":"https:\/\/mardinhaberyolu.com\/?p=111404","title":{"rendered":"Amak, Mardin\u2019in Gururu T\u00fcrkiye \u015eampiyonu Sporcuyu A\u011f\u0131rlad\u0131"},"content":{"rendered":"<p>G\u00f6r\u00fc\u015fmede E\u015fba\u015fkan Amak, gen\u00e7 sporcunun elde etti\u011fi ba\u015far\u0131dan duydu\u011fu memnuniyeti dile getirerek Karabo\u011fa\u2019y\u0131 tebrik etti ve kendisine hediye takdiminde bulundu.<\/p>\n<p>Amak, Artuklu Belediyesi olarak sporun ve gen\u00e7 sporcular\u0131n yan\u0131nda olmaya devam edeceklerini vurgulad\u0131.<\/p>\n<p>Amak, Mardin\u2019e b\u00fcy\u00fck gurur ya\u015fatan \u015fampiyon sporcuya ba\u015far\u0131lar\u0131n\u0131n devam\u0131n\u0131 diledi.<\/p>\n<p><img fetchpriority=\"high\" decoding=\"async\" class=\"alignnone size-medium wp-image-111406\" src=\"https:\/\/mardinhaberyolu.com\/wp-content\/uploads\/2025\/11\/IMG-20251126-WA0053-300x200.jpg\" alt=\"\" width=\"300\" height=\"200\" srcset=\"https:\/\/mardinhaberyolu.com\/wp-content\/uploads\/2025\/11\/IMG-20251126-WA0053-300x200.jpg 300w, https:\/\/mardinhaberyolu.com\/wp-content\/uploads\/2025\/11\/IMG-20251126-WA0053-1024x683.jpg 1024w, https:\/\/mardinhaberyolu.com\/wp-content\/uploads\/2025\/11\/IMG-20251126-WA0053-768x512.jpg 768w, https:\/\/mardinhaberyolu.com\/wp-content\/uploads\/2025\/11\/IMG-20251126-WA0053-1536x1025.jpg 1536w, https:\/\/mardinhaberyolu.com\/wp-content\/uploads\/2025\/11\/IMG-20251126-WA0053-2048x1366.jpg 2048w\" sizes=\"(max-width: 300px) 100vw, 300px\" \/><\/p>\n<blockquote><p>B\u00fclten<\/p><\/blockquote>\n","protected":false},"excerpt":{"rendered":"<p>Artuklu Belediye E\u015fba\u015fkan\u0131 Mehmet Ali Amak, 17\u201321 Kas\u0131m tarihlerinde Bayburt\u2019ta d\u00fczenlenen \u00dcniversiteler Aras\u0131 T\u00fcrkiye Boks \u015eampiyonas\u0131\u2019nda 54 kg kategorisinde T\u00fcrkiye \u015eampiyonu olan Mardinli sporcu Sezen Sude Karabo\u011fa\u2019y\u0131 Belediyede a\u011f\u0131rlad\u0131.<\/p>\n","protected":false},"author":1,"featured_media":111405,"comment_status":"open","ping_status":"open","sticky":false,"template":"","format":"standard","meta":{"footnotes":""},"categories":[4,9,7,12],"tags":[],"class_list":["post-111404","post","type-post","status-publish","format-standard","has-post-thumbnail","hentry","category-manset","category-mardin","category-spor","category-video"],"_links":{"self":[{"href":"https:\/\/mardinhaberyolu.com\/index.php?rest_route=\/wp\/v2\/posts\/111404","targetHints":{"allow":["GET"]}}],"collection":[{"href":"https:\/\/mardinhaberyolu.com\/index.php?rest_route=\/wp\/v2\/posts"}],"about":[{"href":"https:\/\/mardinhaberyolu.com\/index.php?rest_route=\/wp\/v2\/types\/post"}],"author":[{"embeddable":true,"href":"https:\/\/mardinhaberyolu.com\/index.php?rest_route=\/wp\/v2\/users\/1"}],"replies":[{"embeddable":true,"href":"https:\/\/mardinhaberyolu.com\/index.php?rest_route=%2Fwp%2Fv2%2Fcomments&post=111404"}],"version-history":[{"count":1,"href":"https:\/\/mardinhaberyolu.com\/index.php?rest_route=\/wp\/v2\/posts\/111404\/revisions"}],"predecessor-version":[{"id":111407,"href":"https:\/\/mardinhaberyolu.com\/index.php?rest_route=\/wp\/v2\/posts\/111404\/revisions\/111407"}],"wp:featuredmedia":[{"embeddable":true,"href":"https:\/\/mardinhaberyolu.com\/index.php?rest_route=\/wp\/v2\/media\/111405"}],"wp:attachment":[{"href":"https:\/\/mardinhaberyolu.com\/index.php?rest_route=%2Fwp%2Fv2%2Fmedia&parent=111404"}],"wp:term":[{"taxonomy":"category","embeddable":true,"href":"https:\/\/mardinhaberyolu.com\/index.php?rest_route=%2Fwp%2Fv2%2Fcategories&post=111404"},{"taxonomy":"post_tag","embeddable":true,"href":"https:\/\/mardinhaberyolu.com\/index.php?rest_route=%2Fwp%2Fv2%2Ftags&post=111404"}],"curies":[{"name":"wp","href":"https:\/\/api.w.org\/{rel}","templated":true}]}}