{"id":111394,"date":"2025-11-25T13:57:29","date_gmt":"2025-11-25T13:57:29","guid":{"rendered":"https:\/\/mardinhaberyolu.com\/?p=111394"},"modified":"2025-11-25T13:57:29","modified_gmt":"2025-11-25T13:57:29","slug":"kiziltepede-kadina-yonelik-siddete-karsi-farkindalik-etkinligi","status":"publish","type":"post","link":"https:\/\/mardinhaberyolu.com\/?p=111394","title":{"rendered":"K\u0131z\u0131ltepe\u2019de Kad\u0131na Y\u00f6nelik \u015eiddete Kar\u015f\u0131 Fark\u0131ndal\u0131k Etkinli\u011fi"},"content":{"rendered":"<p>K\u0131z\u0131ltepe Belediyesi Kad\u0131n ve Aile Hizmetleri M\u00fcd\u00fcrl\u00fc\u011f\u00fc, 25 Kas\u0131m Kad\u0131na Y\u00f6nelik \u015eiddetle M\u00fccadele G\u00fcn\u00fc kapsam\u0131nda fark\u0131ndal\u0131k yaratmak amac\u0131yla kapsaml\u0131 bir program d\u00fczenledi. Etkinlikte, belediyenin diki\u015f ve nak\u0131\u015f kurslar\u0131na kat\u0131lan kad\u0131nlar, \u00f6zel olarak tasarlad\u0131klar\u0131 turuncu elbiseleriyle programa renk katt\u0131. Etkinlik, Kad\u0131n ve Aile M\u00fcd\u00fcrl\u00fc\u011f\u00fc binas\u0131 \u00f6n\u00fcnde ba\u015flad\u0131. Kad\u0131nlar, \u201cKad\u0131na y\u00f6nelik \u015fiddete sen de dur de\u201d yaz\u0131l\u0131 a\u011fac\u0131n duvara yans\u0131t\u0131lmas\u0131yla fark\u0131ndal\u0131k mesaj\u0131n\u0131 verdi. Ard\u0131ndan boyalarla a\u011fac\u0131n dallar\u0131na el izlerini b\u0131rakarak, kad\u0131na y\u00f6nelik \u015fiddete dikkat \u00e7ekti. Daha sonra K\u0131z\u0131ltepe Belediyesi bah\u00e7esinde bir araya gelen kad\u0131nlar, g\u00f6ky\u00fcz\u00fcne turuncu balonlar b\u0131rakt\u0131. Turuncu renk, d\u00fcnya genelinde kad\u0131na y\u00f6nelik \u015fiddetle m\u00fccadeleyi simgeleyen bir renk olarak etkinlikte anlaml\u0131 bir sembol olarak kullan\u0131ld\u0131.<\/p>\n<p>Program kapsam\u0131nda K\u0131z\u0131ltepe Belediyesi Konferans Salonu\u2019nda bilgilendirici sunumlar ve fark\u0131ndal\u0131k anekdotlar\u0131 payla\u015f\u0131ld\u0131. \u201cKad\u0131na \u015eiddete Hay\u0131r\u201d semineri ile kat\u0131l\u0131mc\u0131lar bilin\u00e7lendirilirken, \u201cKad\u0131nd\u0131r Ad\u0131m\u201d adl\u0131 tiyatro g\u00f6sterimi b\u00fcy\u00fck be\u011feni toplad\u0131. Etkinlik sonunda kat\u0131l\u0131mc\u0131 kad\u0131nlara turuncu \u015fal ve karanfil hediye edildi. Kad\u0131n ve Aile Hizmetleri M\u00fcd\u00fcr\u00fc Mehmet K\u0131z\u0131lay, t\u00fcm kad\u0131nlara kat\u0131l\u0131mlar\u0131 i\u00e7in te\u015fekk\u00fcr etti.<\/p>\n<p><img fetchpriority=\"high\" decoding=\"async\" class=\"alignnone size-medium wp-image-111396\" src=\"https:\/\/mardinhaberyolu.com\/wp-content\/uploads\/2025\/11\/IMG-20251125-WA0141-300x200.jpg\" alt=\"\" width=\"300\" height=\"200\" srcset=\"https:\/\/mardinhaberyolu.com\/wp-content\/uploads\/2025\/11\/IMG-20251125-WA0141-300x200.jpg 300w, https:\/\/mardinhaberyolu.com\/wp-content\/uploads\/2025\/11\/IMG-20251125-WA0141-1024x683.jpg 1024w, https:\/\/mardinhaberyolu.com\/wp-content\/uploads\/2025\/11\/IMG-20251125-WA0141-768x512.jpg 768w, https:\/\/mardinhaberyolu.com\/wp-content\/uploads\/2025\/11\/IMG-20251125-WA0141.jpg 1280w\" sizes=\"(max-width: 300px) 100vw, 300px\" \/><\/p>\n<p>B\u00fclten<\/p>\n","protected":false},"excerpt":{"rendered":"<p>K\u0131z\u0131ltepe Belediyesi, 25 Kas\u0131m Kad\u0131na Y\u00f6nelik \u015eiddetle M\u00fccadele G\u00fcn\u00fc\u2019nde turuncu elbiseler ve balonlarla fark\u0131ndal\u0131k olu\u015fturdu. Kad\u0131nlar, etkinlikler kapsam\u0131nda \u015fiddete kar\u015f\u0131 mesaj verdi.<\/p>\n","protected":false},"author":1,"featured_media":111395,"comment_status":"open","ping_status":"open","sticky":false,"template":"","format":"standard","meta":{"footnotes":""},"categories":[3,2,18,30],"tags":[],"class_list":["post-111394","post","type-post","status-publish","format-standard","has-post-thumbnail","hentry","category-guncel","category-kiziltepe","category-toplumsal-yasam-gundem","category-ust-manset"],"_links":{"self":[{"href":"https:\/\/mardinhaberyolu.com\/index.php?rest_route=\/wp\/v2\/posts\/111394","targetHints":{"allow":["GET"]}}],"collection":[{"href":"https:\/\/mardinhaberyolu.com\/index.php?rest_route=\/wp\/v2\/posts"}],"about":[{"href":"https:\/\/mardinhaberyolu.com\/index.php?rest_route=\/wp\/v2\/types\/post"}],"author":[{"embeddable":true,"href":"https:\/\/mardinhaberyolu.com\/index.php?rest_route=\/wp\/v2\/users\/1"}],"replies":[{"embeddable":true,"href":"https:\/\/mardinhaberyolu.com\/index.php?rest_route=%2Fwp%2Fv2%2Fcomments&post=111394"}],"version-history":[{"count":1,"href":"https:\/\/mardinhaberyolu.com\/index.php?rest_route=\/wp\/v2\/posts\/111394\/revisions"}],"predecessor-version":[{"id":111397,"href":"https:\/\/mardinhaberyolu.com\/index.php?rest_route=\/wp\/v2\/posts\/111394\/revisions\/111397"}],"wp:featuredmedia":[{"embeddable":true,"href":"https:\/\/mardinhaberyolu.com\/index.php?rest_route=\/wp\/v2\/media\/111395"}],"wp:attachment":[{"href":"https:\/\/mardinhaberyolu.com\/index.php?rest_route=%2Fwp%2Fv2%2Fmedia&parent=111394"}],"wp:term":[{"taxonomy":"category","embeddable":true,"href":"https:\/\/mardinhaberyolu.com\/index.php?rest_route=%2Fwp%2Fv2%2Fcategories&post=111394"},{"taxonomy":"post_tag","embeddable":true,"href":"https:\/\/mardinhaberyolu.com\/index.php?rest_route=%2Fwp%2Fv2%2Ftags&post=111394"}],"curies":[{"name":"wp","href":"https:\/\/api.w.org\/{rel}","templated":true}]}}