{"id":111381,"date":"2025-11-25T12:40:02","date_gmt":"2025-11-25T12:40:02","guid":{"rendered":"https:\/\/mardinhaberyolu.com\/?p=111381"},"modified":"2025-11-25T12:40:02","modified_gmt":"2025-11-25T12:40:02","slug":"demirkayadan-kadina-siddete-yonelik-hayir-gunu-duyarliligi","status":"publish","type":"post","link":"https:\/\/mardinhaberyolu.com\/?p=111381","title":{"rendered":"Demirkaya\u2019dan Kad\u0131na \u015eiddete Y\u00f6nelik Hay\u0131r G\u00fcn\u00fc Duyarl\u0131l\u0131\u011f\u0131"},"content":{"rendered":"<p>&nbsp;<\/p>\n<p>&nbsp;<\/p>\n<p>X hesab\u0131nda hassasiyet ve deste\u011fini ortaya koyan Vekil Cengiz Demirkaya, kad\u0131na y\u00f6nelik \u015fiddete kar\u015f\u0131 oldu\u011funu belirterek g\u00fcn vesilesiyle yap\u0131lan anlaml\u0131 etkinliklere destek verdi.<\/p>\n<p>Kad\u0131na y\u00f6nelik \u015fiddettin bir insan haklar\u0131 ihlali oldu\u011funu belirterek \u201c<strong><em>Kad\u0131na y\u00f6nelik \u015fiddetle m\u00fccadele insanl\u0131k onuru koruman\u0131n; annemizin, e\u015fimizin, k\u0131z\u0131m\u0131z\u0131n hakk\u0131n\u0131 ve hukukunu koruman\u0131n m\u00fccadelesidir<\/em><\/strong>\u201d ifadelerini kulland\u0131.<\/p>\n<p><img fetchpriority=\"high\" decoding=\"async\" class=\"alignnone size-medium wp-image-111383\" src=\"https:\/\/mardinhaberyolu.com\/wp-content\/uploads\/2025\/11\/c1-1-300x169.jpg\" alt=\"\" width=\"300\" height=\"169\" srcset=\"https:\/\/mardinhaberyolu.com\/wp-content\/uploads\/2025\/11\/c1-1-300x169.jpg 300w, https:\/\/mardinhaberyolu.com\/wp-content\/uploads\/2025\/11\/c1-1-768x432.jpg 768w, https:\/\/mardinhaberyolu.com\/wp-content\/uploads\/2025\/11\/c1-1.jpg 1024w\" sizes=\"(max-width: 300px) 100vw, 300px\" \/><\/p>\n<p>Haber Merkezi<\/p>\n<p>&nbsp;<\/p>\n","protected":false},"excerpt":{"rendered":"<p>AK Parti 27. D\u00f6nem Mardin Milletvekili ve Tunceli-Elaz\u0131\u011f Te\u015fkilat Koordinat\u00f6r\u00fc Cengiz Demirkaya, Kad\u0131na \u015eiddete Y\u00f6nelik Hay\u0131r G\u00fcn\u00fc\u2019ne duyarl\u0131l\u0131k g\u00f6stererek destek verdi.<\/p>\n","protected":false},"author":1,"featured_media":111382,"comment_status":"open","ping_status":"open","sticky":false,"template":"","format":"standard","meta":{"footnotes":""},"categories":[3,4,9,8,18,30],"tags":[],"class_list":["post-111381","post","type-post","status-publish","format-standard","has-post-thumbnail","hentry","category-guncel","category-manset","category-mardin","category-politika","category-toplumsal-yasam-gundem","category-ust-manset"],"_links":{"self":[{"href":"https:\/\/mardinhaberyolu.com\/index.php?rest_route=\/wp\/v2\/posts\/111381","targetHints":{"allow":["GET"]}}],"collection":[{"href":"https:\/\/mardinhaberyolu.com\/index.php?rest_route=\/wp\/v2\/posts"}],"about":[{"href":"https:\/\/mardinhaberyolu.com\/index.php?rest_route=\/wp\/v2\/types\/post"}],"author":[{"embeddable":true,"href":"https:\/\/mardinhaberyolu.com\/index.php?rest_route=\/wp\/v2\/users\/1"}],"replies":[{"embeddable":true,"href":"https:\/\/mardinhaberyolu.com\/index.php?rest_route=%2Fwp%2Fv2%2Fcomments&post=111381"}],"version-history":[{"count":1,"href":"https:\/\/mardinhaberyolu.com\/index.php?rest_route=\/wp\/v2\/posts\/111381\/revisions"}],"predecessor-version":[{"id":111384,"href":"https:\/\/mardinhaberyolu.com\/index.php?rest_route=\/wp\/v2\/posts\/111381\/revisions\/111384"}],"wp:featuredmedia":[{"embeddable":true,"href":"https:\/\/mardinhaberyolu.com\/index.php?rest_route=\/wp\/v2\/media\/111382"}],"wp:attachment":[{"href":"https:\/\/mardinhaberyolu.com\/index.php?rest_route=%2Fwp%2Fv2%2Fmedia&parent=111381"}],"wp:term":[{"taxonomy":"category","embeddable":true,"href":"https:\/\/mardinhaberyolu.com\/index.php?rest_route=%2Fwp%2Fv2%2Fcategories&post=111381"},{"taxonomy":"post_tag","embeddable":true,"href":"https:\/\/mardinhaberyolu.com\/index.php?rest_route=%2Fwp%2Fv2%2Ftags&post=111381"}],"curies":[{"name":"wp","href":"https:\/\/api.w.org\/{rel}","templated":true}]}}