{"id":111353,"date":"2025-11-24T08:37:14","date_gmt":"2025-11-24T08:37:14","guid":{"rendered":"https:\/\/mardinhaberyolu.com\/?p=111353"},"modified":"2025-11-24T08:37:14","modified_gmt":"2025-11-24T08:37:14","slug":"mardin-tsonun-istisare-bulusmalari-derik-ile-surdu","status":"publish","type":"post","link":"https:\/\/mardinhaberyolu.com\/?p=111353","title":{"rendered":"Mardin TSO\u2019nun \u0130sti\u015fare Bulu\u015fmalar\u0131 Derik ile s\u00fcrd\u00fc"},"content":{"rendered":"<p>\u015eeffafl\u0131k ilkesi do\u011frultusunda oda b\u00fcnyesinde y\u00fcr\u00fct\u00fclen faaliyetlerin kamuoyuna duyurulmas\u0131 ve \u00fcyelerden gelen taleplerin al\u0131nmas\u0131 amac\u0131yla d\u00fczenlenen toplant\u0131ya yo\u011fun kat\u0131l\u0131m sa\u011fland\u0131. Bulu\u015fmada Derik\u2019in ekonomik potansiyeli ele al\u0131n\u0131rken; tar\u0131m, sanayi ve lojistik alanlar\u0131nda s\u00fcrd\u00fcr\u00fclen projeler masaya yat\u0131r\u0131ld\u0131.<br \/>\nMardin Ticaret ve Sanayi Odas\u0131 Meclis Ba\u015fkan\u0131 Sabahattin Evrensel, Y\u00f6netim Kurulu Ba\u015fkan\u0131 Hatip \u00c7elik, Y\u00f6netim Kurulu \u00dcyeleri ve Meclis \u00dcyelerinin yan\u0131 s\u0131ra; Derik Kaymakam\u0131 Yunus Emre Bayrakl\u0131, Derik Esnaf ve Sanatk\u00e2rlar Odas\u0131 Ba\u015fkan\u0131 Atman Elita\u015f, Derik Ziraat Odas\u0131 Ba\u015fkan\u0131 M. Faruk Temelli, Mardin Zeytin \u00dcreticileri Birli\u011fi Ba\u015fkan\u0131 Erkan Do\u011fan, Mardin Ar\u0131 Yeti\u015ftiricileri Birli\u011fi Ba\u015fkan\u0131 Hamdullah Ablak, Mardin Veteriner Hekimleri Odas\u0131 Ba\u015fkan\u0131 Muharrem \u00c7akar, Derik \u015eof\u00f6rler Odas\u0131 Ba\u015fkan\u0131 Mehmet Selim \u00c7elik, Derik \u0130\u015f Adamlar\u0131 Derne\u011fi Ba\u015fkan\u0131 Ramazan A\u00e7an, Ye\u015fil Derik Minib\u00fcs\u00e7\u00fcler Kooperatifi Ba\u015fkan\u0131 \u015eeyhmus Denk, Derik 17 Nolu Kooperatif Ba\u015fkan\u0131 Mahmut \u00d6zbah\u00e7eci, Derik 89 Nolu Kooperatif Ba\u015fkan\u0131 \u00d6mer Ate\u015f, G\u00fcler Kooperatifi Ba\u015fkan\u0131 Seydo Dem, Derik Damperciler ve Kamyoncular 87 Nolu Kooperatif Ba\u015fkan Yard\u0131mc\u0131s\u0131 \u0130zzettin Kaya, Derik Muhtarlar Dayan\u0131\u015fma Derne\u011fi Ba\u015fkan\u0131 Esat Karata\u015f, muhtarlar, kanaat \u00f6nderleri, siyaset\u00e7iler, bas\u0131n mensuplar\u0131 ve \u00e7ok say\u0131da i\u015f insan\u0131 da toplant\u0131ya i\u015ftirak etti.<\/p>\n<p><img fetchpriority=\"high\" decoding=\"async\" class=\"alignnone size-medium wp-image-111355\" src=\"https:\/\/mardinhaberyolu.com\/wp-content\/uploads\/2025\/11\/d2-3-300x199.jpg\" alt=\"\" width=\"300\" height=\"199\" srcset=\"https:\/\/mardinhaberyolu.com\/wp-content\/uploads\/2025\/11\/d2-3-300x199.jpg 300w, https:\/\/mardinhaberyolu.com\/wp-content\/uploads\/2025\/11\/d2-3-1024x678.jpg 1024w, https:\/\/mardinhaberyolu.com\/wp-content\/uploads\/2025\/11\/d2-3-768x509.jpg 768w, https:\/\/mardinhaberyolu.com\/wp-content\/uploads\/2025\/11\/d2-3-1536x1017.jpg 1536w, https:\/\/mardinhaberyolu.com\/wp-content\/uploads\/2025\/11\/d2-3.jpg 1599w\" sizes=\"(max-width: 300px) 100vw, 300px\" \/><\/p>\n<p>\u201cDerik Tar\u0131m \u0130htisas OSB i\u00e7in giri\u015fimlerimizi yo\u011funla\u015ft\u0131rd\u0131k\u201d<\/p>\n<p>T\u00fcrkiye Odalar ve Borsalar Birli\u011fi\u2019nden ald\u0131klar\u0131 g\u00fc\u00e7 ve TOBB Ba\u015fkan\u0131 Rifat Hisarc\u0131kl\u0131o\u011flu\u2019nun k\u00fcresel vizyonunun projelerine rehberlik etti\u011fini belirterek konu\u015fmas\u0131na ba\u015flayan Mardin Ticaret ve Sanayi Odas\u0131 Ba\u015fkan\u0131 Hatip \u00c7elik, g\u00f6reve geldiklerinde yapt\u0131klar\u0131 ilk faaliyetin odan\u0131n kurumsal kapasitesini art\u0131racak projeler oldu\u011funu vurgulad\u0131. 4 y\u0131ll\u0131k stratejik planlar\u0131n\u0131 haz\u0131rlarken Mardin\u2019in yan\u0131 s\u0131ra Derik i\u015f d\u00fcnyas\u0131ndan gelen raporlar do\u011frultusunda hareket ettiklerini belirten Hatip \u00c7elik, \u201cMardin ile k\u00fclt\u00fcrel ba\u011flar\u0131 en fazla olan il\u00e7emiz Derik\u2019tir. \u0130l\u00e7emizin kalk\u0131nma yolculu\u011funa h\u0131zla devam etmesi i\u00e7in durmadan \u00e7al\u0131\u015f\u0131yoruz. \u00dcyelerimiz en \u00e7ok Derik Tar\u0131m \u0130htisas Organize Sanayi B\u00f6lgesi\u2019nin kurulmas\u0131na y\u00f6nelik talepler bildiriyor. \u0130l\u00e7emize bir OSB kazand\u0131rmak \u00fczere \u00e7al\u0131\u015fmalar\u0131m\u0131z h\u0131zla devam ediyor. Bu alanda Sanayi ve Teknoloji Bakanl\u0131\u011f\u0131, Mardin Valili\u011fimiz ve Derik Kaymakaml\u0131\u011f\u0131m\u0131z ile s\u00fcrekli ileti\u015fim halindeyiz. \u0130l\u00e7emiz \u015fu anda Mardin\u2019in k\u00fc\u00e7\u00fckba\u015f hayvan ihtiyac\u0131n\u0131n y\u00fczde 50\u2019sinden fazlas\u0131n\u0131 tek ba\u015f\u0131na kar\u015f\u0131l\u0131yor. Bu nedenle hayvanc\u0131l\u0131k sekt\u00f6r\u00fcm\u00fcze \u00f6nemli end\u00fcstriyel imk\u00e2nlar tan\u0131yacak Derik Tar\u0131m \u0130htisas OSB i\u00e7in giri\u015fimlerimizi ulusal ve yerel d\u00fczeyde yo\u011funla\u015ft\u0131rm\u0131\u015f durumday\u0131z. Tar\u0131m ihtisas OSBmiz i\u00e7in arazi belirleme s\u00fcreci devam ediyor\u201d dedi.<br \/>\n\u201cHalhal\u0131 Zeytini modern end\u00fcstriyel tesislerle bulu\u015facak\u201d<br \/>\nDerik Halhal\u0131 Zeytini\u2019nin hem yerel hem de ulusal pazarlarda \u00f6nemli bir marka de\u011feri yakalad\u0131\u011f\u0131n\u0131 ifade eden Ba\u015fkan \u00c7elik, \u201cHalhal\u0131 Zeytini\u2019nden yap\u0131lan zeytinya\u011f\u0131m\u0131z 2019 y\u0131l\u0131nda d\u00fcnya \u00fc\u00e7\u00fcnc\u00fcl\u00fc\u011f\u00fc \u00f6d\u00fcl\u00fcne lay\u0131k g\u00f6r\u00fcld\u00fc. Zeytinimizin \u00fcn\u00fc giderek yay\u0131l\u0131rken \u00fcretim oranlar\u0131 ayn\u0131 h\u0131zda artm\u0131yor. Derik zeytinimizin piyasada hak etti\u011fi yeri alabilmesi i\u00e7in il\u00e7emizin modern bir zeytin i\u015fleme tesisine ihtiyac\u0131 var. Kaymakam\u0131m\u0131z\u0131n deste\u011fiyle bir giri\u015fimcimizin il\u00e7emize modern bir zeytin tesisi kurma s\u00fcreci devam ediyor. Tesisimiz g\u00fcnl\u00fck 100 ton kapasiteyle zeytinya\u011f\u0131 \u00fcretecek ve zeytinimizin markala\u015fma s\u00fcreci daha da h\u0131zlanacak\u201d diye konu\u015ftu.<\/p>\n<p>\u201cK\u00fc\u00e7\u00fck Sanayi Sitesi i\u00e7in in\u015faat yak\u0131n zamanda ba\u015flayacak\u201d<\/p>\n<p>Ba\u015fkan \u00c7elik, Derik i\u015f d\u00fcnyas\u0131n\u0131n en acil taleplerinden birinin modern bir k\u00fc\u00e7\u00fck sanayi sitesi oldu\u011funu belirterek \u015f\u00f6yle devam etti:\u201cGe\u00e7mi\u015f d\u00f6nemde bu alanda \u00f6nemli giri\u015fimler yap\u0131lm\u0131\u015f ancak arazi tahsisi noktas\u0131nda ya\u015fanan s\u0131k\u0131nt\u0131lar nedeniyle ilerleme sa\u011flanamam\u0131\u015f. 2 y\u0131ld\u0131r k\u00fc\u00e7\u00fck sanayi sitesi olarak geli\u015fen mevcut alan\u0131m\u0131z\u0131n yak\u0131n zamanda kentsel d\u00f6n\u00fc\u015f\u00fcm kapsam\u0131nda modern bir siteye d\u00f6n\u00fc\u015ft\u00fcr\u00fclmesi i\u00e7in haz\u0131rl\u0131klar s\u00fcr\u00fcyor. TOK\u0130 araziyi devrald\u0131. Ancak y\u00fcksek arsa fiyatlar\u0131 KOB\u0130\u2019lerimizi olumsuz etkiliyor. Bu konuda Kaymakam\u0131m\u0131z ve Valimiz ile yapt\u0131\u011f\u0131m\u0131z toplant\u0131larda fiyatlar\u0131n d\u00fc\u015f\u00fcr\u00fclmesi noktas\u0131nda mutab\u0131k kald\u0131k. Yak\u0131n zamanda \u00c7evre ve \u015eehircilik \u0130l M\u00fcd\u00fcrl\u00fc\u011f\u00fc \u00fczerinden yeni sanayi sitemizin yap\u0131m\u0131na ba\u015flanmas\u0131n\u0131 bekliyoruz.\u201d<\/p>\n<p><img decoding=\"async\" class=\"alignnone size-medium wp-image-111356\" src=\"https:\/\/mardinhaberyolu.com\/wp-content\/uploads\/2025\/11\/d3-300x179.jpg\" alt=\"\" width=\"300\" height=\"179\" srcset=\"https:\/\/mardinhaberyolu.com\/wp-content\/uploads\/2025\/11\/d3-300x179.jpg 300w, https:\/\/mardinhaberyolu.com\/wp-content\/uploads\/2025\/11\/d3-1024x611.jpg 1024w, https:\/\/mardinhaberyolu.com\/wp-content\/uploads\/2025\/11\/d3-768x458.jpg 768w, https:\/\/mardinhaberyolu.com\/wp-content\/uploads\/2025\/11\/d3-1536x916.jpg 1536w, https:\/\/mardinhaberyolu.com\/wp-content\/uploads\/2025\/11\/d3.jpg 1600w\" sizes=\"(max-width: 300px) 100vw, 300px\" \/><\/p>\n<p>Bayrakl\u0131: \u201cDerik\u2019in lokomotif sekt\u00f6r\u00fc zeytin ve zeytinya\u011f\u0131 sekt\u00f6r\u00fcd\u00fcr\u201d,<\/p>\n<p>Derik Kaymakam\u0131 Yunus Emre Bayrakl\u0131 da \u00fcye isti\u015fare toplant\u0131lar\u0131n\u0131n kentteki i\u015f d\u00fcnyas\u0131n\u0131n talepleri noktas\u0131nda kendileri i\u00e7in de olduk\u00e7a verimli organizasyonlar oldu\u011funu ifade etti. Derik\u2019in en \u00f6nemli tar\u0131m \u00fcr\u00fcn\u00fcn\u00fcn zeytin, sanayi \u00fcr\u00fcn\u00fcn ise zeytinya\u011f\u0131 sekt\u00f6r\u00fc oldu\u011funu vurgulayan Bayrakl\u0131, \u201c\u015eehit Kaymakam\u0131z Muhammet Fatih Safit\u00fcrk\u2019\u00fcn il\u00e7emizdeki en b\u00fcy\u00fck hayallerinden biri olan Halhal\u0131 zeytinimizin ve zeytinya\u011f\u0131m\u0131z\u0131n tan\u0131t\u0131lmas\u0131 misyonu bug\u00fcn il\u00e7emizde g\u00f6reve gelen t\u00fcm kaymakamlar\u0131m\u0131za rehber olmu\u015ftur. Halhal\u0131 zeytinimizden yap\u0131lan zeytinya\u011f\u0131 2019 y\u0131l\u0131nda D\u00fcnya\u2019n\u0131n en kaliteli zeytinya\u011f\u0131 \u00f6d\u00fcl\u00fcn\u00fc ald\u0131. Zeytinimiz co\u011frafi i\u015faret sahibi oldu. Zeytinimizin son olarak k\u00fclt\u00fcr rotas\u0131na eklenmesi ile de \u00fcreticilerimiz taleplere yeti\u015fmekte zorlan\u0131r hale geldi. Son olarak Derik Mesleki Anadolu Lisesi\u2019nde a\u00e7m\u0131\u015f oldu\u011fumuz zeytin at\u00f6lyemiz de Derik\u2019te zeytin sekt\u00f6r\u00fcn\u00fcn modernle\u015fmesi noktas\u0131na yeni bir d\u00f6nemi ba\u015flatt\u0131\u201d dedi.<br \/>\n\u201cModern sanayi tesisleri i\u00e7in her yat\u0131r\u0131m\u0131n destek\u00e7isiyiz\u201d<\/p>\n<p>Derik\u2019te zeytin sekt\u00f6r\u00fcn\u00fcn yan\u0131 s\u0131ra tah\u0131l sekt\u00f6r\u00fcn\u00fcn de h\u0131zl\u0131 bir geli\u015fim s\u00fcreci ya\u015fad\u0131\u011f\u0131n\u0131 ifade eden Kaymakam Bayrakl\u0131, \u201c\u015euanda il\u00e7emiz bu\u011fday bitkisinin en \u00f6nemli \u00fcretim merkezlerinden birisi haline gelmi\u015ftir. Bug\u00fcn 378 bin k\u00fc\u00e7\u00fckba\u015f ve 35 bin b\u00fcy\u00fckba\u015f hayvan varl\u0131\u011f\u0131m\u0131zla ilimizin en fazla hayvan pop\u00fclasyonunasahip olan il\u00e7elerinden biri konumunday\u0131z. Ayr\u0131ca toplam 18 bini a\u015fk\u0131n ar\u0131 kovan\u0131m\u0131zla Mardinimizin en fazla ar\u0131 yeti\u015ftiricisine sahip il\u00e7elerinden biri haline geldik. \u0130l\u00e7emizde sadece tar\u0131m ve hayvanc\u0131l\u0131kla de\u011fil ayn\u0131 zamanda sanayi ile g\u00fc\u00e7lenmesini istiyoruz. Bug\u00fcn yap\u0131lan isti\u015fare toplant\u0131m\u0131z\u0131n i\u015f d\u00fcnyam\u0131z ad\u0131na bir k\u0131v\u0131lc\u0131m etkisi yaratmas\u0131n\u0131 bekliyoruz. Tar\u0131m ve hayvanc\u0131l\u0131\u011fa ek olarak sanayi \u00fcr\u00fcnlerini il\u00e7emize kazand\u0131racak her tesis yat\u0131r\u0131m\u0131n destek\u00e7isi olaca\u011f\u0131z. Bu toplant\u0131n\u0131n yarataca\u011f\u0131 k\u0131v\u0131lc\u0131m ile y\u00fckselecek fabrikalar\u0131m\u0131z hem i\u015fg\u00fcc\u00fc alanlar\u0131nda, hem ekonomi potansiyelimizin hem ekonomi potansiyelimizin artmas\u0131 i\u00e7in \u00f6nemli kazan\u0131mlar sa\u011flayacakt\u0131r\u201d diye konu\u015ftu.<\/p>\n<p>Batuk: \u201cDerik ile ilgili projelerimizde \u00f6nemli bir mesafe ald\u0131k\u201d<\/p>\n<p>Mardin Ticaret ve Sanayi Odas\u0131 Y\u00f6netim Kurulu \u00dcyesi \u0130brahim Batuk ise oda b\u00fcnyesinde ger\u00e7ekle\u015ftirilen kurumsalla\u015fma \u00e7al\u0131\u015fmalar\u0131 ve s\u00fcrd\u00fcr\u00fclen projeler ve lobi faaliyetleri ile ilgili sunum ger\u00e7ekle\u015ftirdi. Yeni y\u00f6netim misyonlar\u0131n\u0131n; kurumsalla\u015fma, \u015feffafl\u0131k, b\u00fct\u00e7e disiplini ve stratejik planlama \u00fczerine kuruldu\u011funu ifade eden \u0130brahim Batuk, \u015f\u00f6yle devam etti: \u201c\u00dcyelerimize verdi\u011fimiz s\u00f6zleri yerine getirmek ad\u0131na kurumsal g\u00fcc\u00fcm\u00fcz\u00fc art\u0131r\u0131yoruz. Derik i\u015f d\u00fcnyas\u0131n\u0131n talepleriyle ilgili projelerimizde \u00f6nemli mesafeler ald\u0131k. \u00d6zellikle Derik zeytinin moden sanayi tesisleri ile bulu\u015fturulmas\u0131, Derik Tar\u0131m \u0130htisas Organize Sanayi B\u00f6lgesi, \u00c7evreyolu ve Derik \u2013 Nusaybin, Derik \u2013 Mardin ve Derik \u2013 Maz\u0131da\u011f\u0131 ba\u011flant\u0131 yollar\u0131n\u0131n \u00e7ift \u015feritli yola d\u00f6n\u00fc\u015ft\u00fcr\u00fclmesi, bah\u00e7ecilik faaliyetlerine bir vizyon kazand\u0131rmak \u00fczerine Mezopotamya Meyvecilik Ara\u015ft\u0131rma Enstit\u00fcs\u00fc\u2019n\u00fcn kurulu\u015fu, k\u00fc\u00e7\u00fck sanayi sitesinin modernize edilmesi gibi alanlardaki projelerimizde \u00f6nemli mesafeler kaydettik. \u00dcyelerimize verdi\u011fimiz s\u00f6zleri tutmak i\u00e7in \u00e7abalamaya devam ediyoruz.\u201d<br \/>\nEmrullah KARAKA\u015e-Mardin Haberyolu<\/p>\n","protected":false},"excerpt":{"rendered":"<p>Mardin Ticaret ve Sanayi Odas\u0131\u2019n\u0131n \u201cOrtak Hedefimiz ve Ortak Gelece\u011fimiz\u201d mottosuyla d\u00fczenledi\u011fi \u00dcye \u0130sti\u015fare Bulu\u015fmalar\u0131\u2019n\u0131n 4\u2019\u00fcnc\u00fcs\u00fc Derik\u2019te ger\u00e7ekle\u015ftirildi.<\/p>\n","protected":false},"author":1,"featured_media":111354,"comment_status":"open","ping_status":"open","sticky":false,"template":"","format":"standard","meta":{"footnotes":""},"categories":[6,3,4,9,30],"tags":[],"class_list":["post-111353","post","type-post","status-publish","format-standard","has-post-thumbnail","hentry","category-ekonomi","category-guncel","category-manset","category-mardin","category-ust-manset"],"_links":{"self":[{"href":"https:\/\/mardinhaberyolu.com\/index.php?rest_route=\/wp\/v2\/posts\/111353","targetHints":{"allow":["GET"]}}],"collection":[{"href":"https:\/\/mardinhaberyolu.com\/index.php?rest_route=\/wp\/v2\/posts"}],"about":[{"href":"https:\/\/mardinhaberyolu.com\/index.php?rest_route=\/wp\/v2\/types\/post"}],"author":[{"embeddable":true,"href":"https:\/\/mardinhaberyolu.com\/index.php?rest_route=\/wp\/v2\/users\/1"}],"replies":[{"embeddable":true,"href":"https:\/\/mardinhaberyolu.com\/index.php?rest_route=%2Fwp%2Fv2%2Fcomments&post=111353"}],"version-history":[{"count":1,"href":"https:\/\/mardinhaberyolu.com\/index.php?rest_route=\/wp\/v2\/posts\/111353\/revisions"}],"predecessor-version":[{"id":111357,"href":"https:\/\/mardinhaberyolu.com\/index.php?rest_route=\/wp\/v2\/posts\/111353\/revisions\/111357"}],"wp:featuredmedia":[{"embeddable":true,"href":"https:\/\/mardinhaberyolu.com\/index.php?rest_route=\/wp\/v2\/media\/111354"}],"wp:attachment":[{"href":"https:\/\/mardinhaberyolu.com\/index.php?rest_route=%2Fwp%2Fv2%2Fmedia&parent=111353"}],"wp:term":[{"taxonomy":"category","embeddable":true,"href":"https:\/\/mardinhaberyolu.com\/index.php?rest_route=%2Fwp%2Fv2%2Fcategories&post=111353"},{"taxonomy":"post_tag","embeddable":true,"href":"https:\/\/mardinhaberyolu.com\/index.php?rest_route=%2Fwp%2Fv2%2Ftags&post=111353"}],"curies":[{"name":"wp","href":"https:\/\/api.w.org\/{rel}","templated":true}]}}