{"id":111334,"date":"2025-11-23T11:25:00","date_gmt":"2025-11-23T11:25:00","guid":{"rendered":"https:\/\/mardinhaberyolu.com\/?p=111334"},"modified":"2025-11-23T11:25:00","modified_gmt":"2025-11-23T11:25:00","slug":"milletvekili-faruk-kilicin-24-kasim-ogretmenler-gunu-mesaji","status":"publish","type":"post","link":"https:\/\/mardinhaberyolu.com\/?p=111334","title":{"rendered":"Milletvekili Faruk K\u0131l\u0131\u00e7&#8217;\u0131n 24 Kas\u0131m \u00d6\u011fretmenler G\u00fcn\u00fc Mesaj\u0131"},"content":{"rendered":"<p>AK Parti Mardin Milletvekili Faruk K\u0131l\u0131\u00e7 24 Kas\u0131m \u00d6\u011fretmenler G\u00fcn\u00fc vesilesiyle yay\u0131nlad\u0131\u011f\u0131 mesaj\u0131n devam\u0131nda, &#8220;\u00c7ocuklar\u0131m\u0131z\u0131n ve gen\u00e7lerimizin gelece\u011fe emin ad\u0131mlarla ilerlemesi, manevi de\u011ferlere sahip olabilmeleri ve kendinden emin birer birey olarak toplum i\u00e7inde s\u00f6z sahibi olmalar\u0131nda ki en b\u00fcy\u00fck etken e\u011fitimdir. Nesillerimizi bu \u00f6nemli gelece\u011fe haz\u0131rlamak ve onlar\u0131 topluma faydal\u0131 birer fert olarak yeti\u015fmeleri i\u00e7in \u00f6\u011fretmenlerimizin g\u00f6stermi\u015f olduklar\u0131 gayretler takdire \u015fayand\u0131r. De\u011ferli \u00f6\u011fretmenlerin \u00e7ocuklar\u0131m\u0131z\u0131n okula ilk ad\u0131mlar\u0131n at\u0131ld\u0131\u011f\u0131 g\u00fcnden meslek hayat\u0131na ge\u00e7i\u015flerine kadar olan her a\u015famada \u00f6nc\u00fc rol\u00fc \u00fcstlenmeleri ve ya\u015fam\u0131n t\u00fcm a\u015famalar\u0131nda onlara rehberlik edecek tecr\u00fcbeleri sunmalar\u0131 b\u00fcy\u00fck bir kazan\u0131md\u0131r. Ayn\u0131 \u015fekilde milli ve manevi de\u011ferlere sahip, kendine g\u00fcvenen, \u00f6zg\u00fcr d\u00fc\u015f\u00fcnen bireyler olarak yeti\u015fmelerinde en b\u00fcy\u00fck rol yine \u00f6\u011fretmenlerindir.&#8221;<\/p>\n<p>&#8220;Hayatlar\u0131 boyunca izlenebilecek t\u00fcm yollar\u0131n ilk ad\u0131mlar\u0131n\u0131 \u00e7ocuklar\u0131m\u0131za a\u015f\u0131layan \u00f6\u011fretmenlerimizin de\u011feri asla \u00f6l\u00e7\u00fclemez. Bu anlamda i\u00e7inde bulundu\u011fumuz bu \u00f6nemli s\u00fcre\u00e7 \u00e7er\u00e7evesinde \u00fclkemizin en muas\u0131r medeniyetler seviyesine ula\u015fmas\u0131nda katk\u0131lar\u0131n\u0131 asla eksik etmeyen t\u00fcm e\u011fitim camias\u0131na te\u015fekk\u00fcr ediyorum. Ge\u00e7mi\u015ften g\u00fcn\u00fcm\u00fcze g\u00f6revi esnas\u0131nda \u015fehit olmu\u015f \u00f6\u011fretmenlerimiz ba\u015fta olmak \u00fczere ahirete irtihal etmi\u015f t\u00fcm \u00f6\u011fretmenlerimizi rahmetle an\u0131yor, emekli \u00f6\u011fretmenlerimize sa\u011fl\u0131kl\u0131, hay\u0131rl\u0131 ve uzun \u00f6m\u00fcrler diliyorum. Bu duygularla de\u011ferli e\u011fitimcilerimizin 24 Kas\u0131m \u00d6\u011fretmenler G\u00fcn\u00fc&#8217;n\u00fc g\u00f6n\u00fclden kutluyorum.&#8221;<\/p>\n<p>Edit\u00f6r\u00fc:Mardin Haberyolu<\/p>\n","protected":false},"excerpt":{"rendered":"<p>AK Parti Mardin Milletvekili Faruk K\u0131l\u0131\u00e7, &#8220;Toplumlar\u0131n \u00e7a\u011f\u0131 yakalamas\u0131, geli\u015fmesi ve her t\u00fcrl\u00fc teknolojik bilgiye sahip olmas\u0131n\u0131n ana temelinde e\u011fitim yer almaktad\u0131r.&#8221;<\/p>\n","protected":false},"author":1,"featured_media":111335,"comment_status":"open","ping_status":"open","sticky":false,"template":"","format":"standard","meta":{"footnotes":""},"categories":[14,3,4,9,24],"tags":[],"class_list":["post-111334","post","type-post","status-publish","format-standard","has-post-thumbnail","hentry","category-genel","category-guncel","category-manset","category-mardin","category-yazarlar"],"_links":{"self":[{"href":"https:\/\/mardinhaberyolu.com\/index.php?rest_route=\/wp\/v2\/posts\/111334","targetHints":{"allow":["GET"]}}],"collection":[{"href":"https:\/\/mardinhaberyolu.com\/index.php?rest_route=\/wp\/v2\/posts"}],"about":[{"href":"https:\/\/mardinhaberyolu.com\/index.php?rest_route=\/wp\/v2\/types\/post"}],"author":[{"embeddable":true,"href":"https:\/\/mardinhaberyolu.com\/index.php?rest_route=\/wp\/v2\/users\/1"}],"replies":[{"embeddable":true,"href":"https:\/\/mardinhaberyolu.com\/index.php?rest_route=%2Fwp%2Fv2%2Fcomments&post=111334"}],"version-history":[{"count":1,"href":"https:\/\/mardinhaberyolu.com\/index.php?rest_route=\/wp\/v2\/posts\/111334\/revisions"}],"predecessor-version":[{"id":111336,"href":"https:\/\/mardinhaberyolu.com\/index.php?rest_route=\/wp\/v2\/posts\/111334\/revisions\/111336"}],"wp:featuredmedia":[{"embeddable":true,"href":"https:\/\/mardinhaberyolu.com\/index.php?rest_route=\/wp\/v2\/media\/111335"}],"wp:attachment":[{"href":"https:\/\/mardinhaberyolu.com\/index.php?rest_route=%2Fwp%2Fv2%2Fmedia&parent=111334"}],"wp:term":[{"taxonomy":"category","embeddable":true,"href":"https:\/\/mardinhaberyolu.com\/index.php?rest_route=%2Fwp%2Fv2%2Fcategories&post=111334"},{"taxonomy":"post_tag","embeddable":true,"href":"https:\/\/mardinhaberyolu.com\/index.php?rest_route=%2Fwp%2Fv2%2Ftags&post=111334"}],"curies":[{"name":"wp","href":"https:\/\/api.w.org\/{rel}","templated":true}]}}