{"id":111328,"date":"2025-11-23T06:13:08","date_gmt":"2025-11-23T06:13:08","guid":{"rendered":"https:\/\/mardinhaberyolu.com\/?p=111328"},"modified":"2025-11-23T06:13:08","modified_gmt":"2025-11-23T06:13:08","slug":"istanbul-mardinlilerinden-onur-gununde-baskan-amaka-buyuk-ilgi","status":"publish","type":"post","link":"https:\/\/mardinhaberyolu.com\/?p=111328","title":{"rendered":"\u0130stanbul Mardinlilerinden Onur G\u00fcn\u00fcnde Ba\u015fkan Amak&#8217;a B\u00fcy\u00fck ilgi"},"content":{"rendered":"<p>MAR\u0130\u015e taraf\u0131ndan organize edilen kahvalt\u0131 program\u0131, \u0130stanbul\u2019da ya\u015fayan Mardinlileri bulu\u015fturarak geni\u015f kat\u0131l\u0131ml\u0131 bir dayan\u0131\u015fma atmosferi olu\u015fturdu.<\/p>\n<p>\u0130\u015f ve Sivil Toplum D\u00fcnyas\u0131 Bir Arada<\/p>\n<p>\u0130stanbul\u2019daki Mardinlileri bir araya getiren bu anlaml\u0131 bulu\u015fmaya; i\u015f insanlar\u0131, b\u00fcrokratlar, STK ba\u015fkanlar\u0131 ve temsilcileri yo\u011fun ilgi g\u00f6sterdi. Protokol \u00fcyeleri ve kentin ileri gelenlerinin de yer ald\u0131\u011f\u0131 programda, Artuklu Belediye E\u015fba\u015fkan\u0131 Mehmet Ali Amak onur konu\u011fu olarak davet edilerek konu\u015fma yapt\u0131.<\/p>\n<p>Hem\u015fehrilerinden Yo\u011fun \u0130lgi<\/p>\n<p><img fetchpriority=\"high\" decoding=\"async\" class=\"alignnone size-medium wp-image-111330\" src=\"https:\/\/mardinhaberyolu.com\/wp-content\/uploads\/2025\/11\/IMG-20251122-WA0074-300x200.jpg\" alt=\"\" width=\"300\" height=\"200\" srcset=\"https:\/\/mardinhaberyolu.com\/wp-content\/uploads\/2025\/11\/IMG-20251122-WA0074-300x200.jpg 300w, https:\/\/mardinhaberyolu.com\/wp-content\/uploads\/2025\/11\/IMG-20251122-WA0074-1024x682.jpg 1024w, https:\/\/mardinhaberyolu.com\/wp-content\/uploads\/2025\/11\/IMG-20251122-WA0074-768x512.jpg 768w, https:\/\/mardinhaberyolu.com\/wp-content\/uploads\/2025\/11\/IMG-20251122-WA0074-1536x1023.jpg 1536w, https:\/\/mardinhaberyolu.com\/wp-content\/uploads\/2025\/11\/IMG-20251122-WA0074.jpg 1600w\" sizes=\"(max-width: 300px) 100vw, 300px\" \/><\/p>\n<p>G\u00fcn\u00fcn erken saatlerinde ba\u015flayan bulu\u015fmada, E\u015fba\u015fkan Amak salona giri\u015fiyle birlikte b\u00fcy\u00fck ilgi g\u00f6rd\u00fc. \u0130\u015f d\u00fcnyas\u0131ndan b\u00fcrokrasiye kadar her kesimden kat\u0131l\u0131mc\u0131yla tek tek selamla\u015fan Amak, gurbetteki hem\u015fehrilerinin s\u0131cak ilgisi ve misafirperverli\u011finden duydu\u011fu memnuniyeti ifade etti.<\/p>\n<p>\u201cG\u00f6n\u00fcl Birli\u011fimiz Bu Sofrada Peki\u015fti\u201d<\/p>\n<p>Samimi bir atmosferde ger\u00e7ekle\u015fen programda yapt\u0131\u011f\u0131 konu\u015fmada Amak, Mardin\u2019in kadim k\u00fclt\u00fcr\u00fcn\u00fcn birle\u015ftirici ruhuna vurgu yaparak \u015funlar\u0131 s\u00f6yledi:<\/p>\n<p>\u201cKadim Mardin k\u00fclt\u00fcr\u00fcn\u00fcn ho\u015fg\u00f6r\u00fcs\u00fcn\u00fc, karde\u015fli\u011fini ve bereketini hissettiren bu kahvalt\u0131 bulu\u015fmas\u0131; g\u00f6n\u00fcl birli\u011fimizin, dayan\u0131\u015fmam\u0131z\u0131n ve ortak hedeflerimizin ne kadar g\u00fc\u00e7l\u00fc oldu\u011funun en somut g\u00f6stergesidir. \u0130\u015f d\u00fcnyam\u0131z\u0131n, b\u00fcrokratlar\u0131m\u0131z\u0131n ve STK\u2019lar\u0131m\u0131z\u0131n burada birlik i\u00e7inde olmas\u0131 ve siz de\u011ferli hem\u015fehrilerimin bu s\u0131cak ilgisi bizlere g\u00fc\u00e7 vermektedir.\u201d<\/p>\n<p><img decoding=\"async\" class=\"alignnone size-medium wp-image-111331\" src=\"https:\/\/mardinhaberyolu.com\/wp-content\/uploads\/2025\/11\/IMG-20251122-WA0075-300x200.jpg\" alt=\"\" width=\"300\" height=\"200\" srcset=\"https:\/\/mardinhaberyolu.com\/wp-content\/uploads\/2025\/11\/IMG-20251122-WA0075-300x200.jpg 300w, https:\/\/mardinhaberyolu.com\/wp-content\/uploads\/2025\/11\/IMG-20251122-WA0075-1024x682.jpg 1024w, https:\/\/mardinhaberyolu.com\/wp-content\/uploads\/2025\/11\/IMG-20251122-WA0075-768x512.jpg 768w, https:\/\/mardinhaberyolu.com\/wp-content\/uploads\/2025\/11\/IMG-20251122-WA0075-1536x1023.jpg 1536w, https:\/\/mardinhaberyolu.com\/wp-content\/uploads\/2025\/11\/IMG-20251122-WA0075.jpg 1600w\" sizes=\"(max-width: 300px) 100vw, 300px\" \/><\/p>\n<p>Birlik ve Beraberlik Mesaj\u0131<\/p>\n<p>Organizasyonun, farkl\u0131 alanlarda faaliyet g\u00f6steren Mardinliler aras\u0131ndaki ba\u011f\u0131 g\u00fc\u00e7lendirdi\u011fini belirten E\u015fba\u015fkan Amak, bu de\u011ferli bulu\u015fmay\u0131 hayata ge\u00e7iren MAR\u0130\u015e y\u00f6netimine ve t\u00fcm kat\u0131l\u0131mc\u0131lara te\u015fekk\u00fcr etti.<\/p>\n<p>Program, birlik ve beraberlik mesajlar\u0131yla sona erdi.<\/p>\n<p><img decoding=\"async\" class=\"alignnone size-medium wp-image-111332\" src=\"https:\/\/mardinhaberyolu.com\/wp-content\/uploads\/2025\/11\/IMG-20251122-WA0077-300x200.jpg\" alt=\"\" width=\"300\" height=\"200\" srcset=\"https:\/\/mardinhaberyolu.com\/wp-content\/uploads\/2025\/11\/IMG-20251122-WA0077-300x200.jpg 300w, https:\/\/mardinhaberyolu.com\/wp-content\/uploads\/2025\/11\/IMG-20251122-WA0077-1024x682.jpg 1024w, https:\/\/mardinhaberyolu.com\/wp-content\/uploads\/2025\/11\/IMG-20251122-WA0077-768x512.jpg 768w, https:\/\/mardinhaberyolu.com\/wp-content\/uploads\/2025\/11\/IMG-20251122-WA0077-1536x1023.jpg 1536w, https:\/\/mardinhaberyolu.com\/wp-content\/uploads\/2025\/11\/IMG-20251122-WA0077.jpg 1600w\" sizes=\"(max-width: 300px) 100vw, 300px\" \/><\/p>\n<p>Edit\u00f6r\u00fc:Mardin Haberyolu<\/p>\n","protected":false},"excerpt":{"rendered":"<p>Mardinli \u0130\u015f \u0130nsanlar\u0131 Derne\u011fi (MAR\u0130\u015e) taraf\u0131ndan \u0130stanbul\u2019da d\u00fczenlenen \u201c21 Kas\u0131m Mardin Onur G\u00fcn\u00fc\u201d kahvalt\u0131s\u0131na onur konu\u011fu ve konu\u015fmac\u0131 olarak kat\u0131lan Artuklu Belediye E\u015fba\u015fkan\u0131 Mehmet Ali Amak, i\u015f, b\u00fcrokrasi ve sivil toplum d\u00fcnyas\u0131n\u0131n yo\u011fun kat\u0131l\u0131m g\u00f6sterdi\u011fi etkinlikte hem\u015fehrileriyle bir araya geldi.<\/p>\n","protected":false},"author":1,"featured_media":111329,"comment_status":"open","ping_status":"open","sticky":false,"template":"","format":"standard","meta":{"footnotes":""},"categories":[6,4,9,30],"tags":[],"class_list":["post-111328","post","type-post","status-publish","format-standard","has-post-thumbnail","hentry","category-ekonomi","category-manset","category-mardin","category-ust-manset"],"_links":{"self":[{"href":"https:\/\/mardinhaberyolu.com\/index.php?rest_route=\/wp\/v2\/posts\/111328","targetHints":{"allow":["GET"]}}],"collection":[{"href":"https:\/\/mardinhaberyolu.com\/index.php?rest_route=\/wp\/v2\/posts"}],"about":[{"href":"https:\/\/mardinhaberyolu.com\/index.php?rest_route=\/wp\/v2\/types\/post"}],"author":[{"embeddable":true,"href":"https:\/\/mardinhaberyolu.com\/index.php?rest_route=\/wp\/v2\/users\/1"}],"replies":[{"embeddable":true,"href":"https:\/\/mardinhaberyolu.com\/index.php?rest_route=%2Fwp%2Fv2%2Fcomments&post=111328"}],"version-history":[{"count":1,"href":"https:\/\/mardinhaberyolu.com\/index.php?rest_route=\/wp\/v2\/posts\/111328\/revisions"}],"predecessor-version":[{"id":111333,"href":"https:\/\/mardinhaberyolu.com\/index.php?rest_route=\/wp\/v2\/posts\/111328\/revisions\/111333"}],"wp:featuredmedia":[{"embeddable":true,"href":"https:\/\/mardinhaberyolu.com\/index.php?rest_route=\/wp\/v2\/media\/111329"}],"wp:attachment":[{"href":"https:\/\/mardinhaberyolu.com\/index.php?rest_route=%2Fwp%2Fv2%2Fmedia&parent=111328"}],"wp:term":[{"taxonomy":"category","embeddable":true,"href":"https:\/\/mardinhaberyolu.com\/index.php?rest_route=%2Fwp%2Fv2%2Fcategories&post=111328"},{"taxonomy":"post_tag","embeddable":true,"href":"https:\/\/mardinhaberyolu.com\/index.php?rest_route=%2Fwp%2Fv2%2Ftags&post=111328"}],"curies":[{"name":"wp","href":"https:\/\/api.w.org\/{rel}","templated":true}]}}