{"id":111279,"date":"2025-11-19T14:00:21","date_gmt":"2025-11-19T14:00:21","guid":{"rendered":"https:\/\/mardinhaberyolu.com\/?p=111279"},"modified":"2025-11-19T14:00:21","modified_gmt":"2025-11-19T14:00:21","slug":"kiziltepe-belediyesinden-kadina-yonelik-siddetle-mucadele-gununde-etkinlik","status":"publish","type":"post","link":"https:\/\/mardinhaberyolu.com\/?p=111279","title":{"rendered":"K\u0131z\u0131ltepe Belediyesinden Kad\u0131na Y\u00f6nelik \u015eiddetle M\u00fccadele G\u00fcn\u00fcnde Etkinlik"},"content":{"rendered":"<p>Kad\u0131n ve Aile Hizmetleri M\u00fcd\u00fcrl\u00fc\u011f\u00fc taraf\u0131ndan haz\u0131rlanan program, toplumda \u015fiddete kar\u015f\u0131 bilin\u00e7 olu\u015fturmay\u0131 hedefliyor.<\/p>\n<p>Etkinlikler, 25 Kas\u0131m Sal\u0131 g\u00fcn\u00fc saat 14.00&#8217;te K\u0131z\u0131ltepe Belediyesi Ek Hizmet Binas\u0131\u2019nda g\u00f6ky\u00fcz\u00fcne balonlar\u0131n b\u0131rak\u0131lmas\u0131 ile ba\u015flayacak. Ard\u0131ndan saat 14.30\u2019da Kad\u0131n ve Aile Hizmetleri M\u00fcd\u00fcrl\u00fc\u011f\u00fc duvar\u0131n\u0131n boyanmas\u0131 etkinli\u011fi ger\u00e7ekle\u015ftirilecek.<\/p>\n<p>Program, saat 15.00\u2019te \u201cKad\u0131na \u015eiddete HAYIR\u201d temal\u0131 seminer ile devam edecek. K\u0131z\u0131ltepe Belediyesi Konferans Salonu\u2019nda d\u00fczenlenecek seminerde, kad\u0131na y\u00f6nelik \u015fiddetle m\u00fccadele konusunda bilgilendirmeler yap\u0131lacak.<\/p>\n<p>G\u00fcn\u00fcn son etkinli\u011fi ise saat 16.00&#8217;da Ek Hizmet Binas\u0131\u2019nda sahnelenecek olan \u201cKad\u0131nd\u0131r Ad\u0131m\u201d tiyatro g\u00f6sterimi olacak.<\/p>\n<p>K\u0131z\u0131ltepe Belediyesi, t\u00fcm vatanda\u015flar\u0131 etkinliklere kat\u0131larak kad\u0131na y\u00f6nelik \u015fiddete kar\u015f\u0131 dayan\u0131\u015fma g\u00f6stermeye davet etti<\/p>\n","protected":false},"excerpt":{"rendered":"<p>K\u0131z\u0131ltepe Belediyesi, 25 Kas\u0131m Kad\u0131na Y\u00f6nelik \u015eiddetle M\u00fccadele G\u00fcn\u00fc kapsam\u0131nda fark\u0131ndal\u0131k olu\u015fturmak amac\u0131yla \u00e7e\u015fitli etkinlikler d\u00fczenliyor.<\/p>\n","protected":false},"author":1,"featured_media":111280,"comment_status":"open","ping_status":"open","sticky":false,"template":"","format":"standard","meta":{"footnotes":""},"categories":[3,2,4,18],"tags":[],"class_list":["post-111279","post","type-post","status-publish","format-standard","has-post-thumbnail","hentry","category-guncel","category-kiziltepe","category-manset","category-toplumsal-yasam-gundem"],"_links":{"self":[{"href":"https:\/\/mardinhaberyolu.com\/index.php?rest_route=\/wp\/v2\/posts\/111279","targetHints":{"allow":["GET"]}}],"collection":[{"href":"https:\/\/mardinhaberyolu.com\/index.php?rest_route=\/wp\/v2\/posts"}],"about":[{"href":"https:\/\/mardinhaberyolu.com\/index.php?rest_route=\/wp\/v2\/types\/post"}],"author":[{"embeddable":true,"href":"https:\/\/mardinhaberyolu.com\/index.php?rest_route=\/wp\/v2\/users\/1"}],"replies":[{"embeddable":true,"href":"https:\/\/mardinhaberyolu.com\/index.php?rest_route=%2Fwp%2Fv2%2Fcomments&post=111279"}],"version-history":[{"count":1,"href":"https:\/\/mardinhaberyolu.com\/index.php?rest_route=\/wp\/v2\/posts\/111279\/revisions"}],"predecessor-version":[{"id":111281,"href":"https:\/\/mardinhaberyolu.com\/index.php?rest_route=\/wp\/v2\/posts\/111279\/revisions\/111281"}],"wp:featuredmedia":[{"embeddable":true,"href":"https:\/\/mardinhaberyolu.com\/index.php?rest_route=\/wp\/v2\/media\/111280"}],"wp:attachment":[{"href":"https:\/\/mardinhaberyolu.com\/index.php?rest_route=%2Fwp%2Fv2%2Fmedia&parent=111279"}],"wp:term":[{"taxonomy":"category","embeddable":true,"href":"https:\/\/mardinhaberyolu.com\/index.php?rest_route=%2Fwp%2Fv2%2Fcategories&post=111279"},{"taxonomy":"post_tag","embeddable":true,"href":"https:\/\/mardinhaberyolu.com\/index.php?rest_route=%2Fwp%2Fv2%2Ftags&post=111279"}],"curies":[{"name":"wp","href":"https:\/\/api.w.org\/{rel}","templated":true}]}}