{"id":111275,"date":"2025-11-19T10:30:18","date_gmt":"2025-11-19T10:30:18","guid":{"rendered":"https:\/\/mardinhaberyolu.com\/?p=111275"},"modified":"2025-11-19T10:30:18","modified_gmt":"2025-11-19T10:30:18","slug":"mardin-valisi-tuncay-akkoyun-21-kasim-sehir-stadyumundaki-calismalari-inceledi","status":"publish","type":"post","link":"https:\/\/mardinhaberyolu.com\/?p=111275","title":{"rendered":"Mardin Valisi Tuncay Akkoyun, 21 Kas\u0131m \u015eehir Stadyumu\u2019ndaki \u00c7al\u0131\u015fmalar\u0131 \u0130nceledi"},"content":{"rendered":"<p>Yetkililer taraf\u0131ndan y\u00fcr\u00fct\u00fclen bak\u0131m, yenileme ve iyile\u015ftirme \u00e7al\u0131\u015fmalar\u0131na ili\u015fkin detayl\u0131 bilgi alan Vali Akkoyun, stadyumun daha modern ve nitelikli bir yap\u0131ya kavu\u015fturulmas\u0131 i\u00e7in \u00e7al\u0131\u015fmalar\u0131n titizlikle s\u00fcrd\u00fcr\u00fcld\u00fc\u011f\u00fcn\u00fc ifade etti.<\/p>\n<p>Vali Akkoyun, spor altyap\u0131s\u0131n\u0131n g\u00fc\u00e7lendirilmesine y\u00f6nelik yat\u0131r\u0131mlar\u0131n gen\u00e7lere daha kaliteli imk\u00e2nlar sunaca\u011f\u0131n\u0131 belirterek, \u00e7al\u0131\u015fmalarda eme\u011fi ge\u00e7en ekiplere te\u015fekk\u00fcr etti.<\/p>\n<p><img fetchpriority=\"high\" decoding=\"async\" class=\"alignnone size-medium wp-image-111277\" src=\"https:\/\/mardinhaberyolu.com\/wp-content\/uploads\/2025\/11\/IMG-20251119-WA0017-300x200.jpg\" alt=\"\" width=\"300\" height=\"200\" srcset=\"https:\/\/mardinhaberyolu.com\/wp-content\/uploads\/2025\/11\/IMG-20251119-WA0017-300x200.jpg 300w, https:\/\/mardinhaberyolu.com\/wp-content\/uploads\/2025\/11\/IMG-20251119-WA0017-1024x683.jpg 1024w, https:\/\/mardinhaberyolu.com\/wp-content\/uploads\/2025\/11\/IMG-20251119-WA0017-768x512.jpg 768w, https:\/\/mardinhaberyolu.com\/wp-content\/uploads\/2025\/11\/IMG-20251119-WA0017-1536x1025.jpg 1536w, https:\/\/mardinhaberyolu.com\/wp-content\/uploads\/2025\/11\/IMG-20251119-WA0017-2048x1366.jpg 2048w\" sizes=\"(max-width: 300px) 100vw, 300px\" \/><\/p>\n<p>Haber Merkezi<\/p>\n","protected":false},"excerpt":{"rendered":"<p>Mardin Valisi ve B\u00fcy\u00fck\u015fehir Belediye Ba\u015fkan Vekili Tuncay Akkoyun, Vali Yard\u0131mc\u0131s\u0131 \u0130brahim Mardin Valisi Tuncay Akkoyun, 21 Kas\u0131m \u015eehir Stadyumu\u2019ndaki \u00c7al\u0131\u015fmalar\u0131 \u0130nceledi \u015eenay, \u0130l Gen\u00e7lik ve Spor M\u00fcd\u00fcr\u00fc Beytullah Birlik, Gen\u00e7lik ve Spor Hizmetleri Daire Ba\u015fkan\u0131 Do\u011fan A\u011falday ve beraberindeki heyetle birlikte 21 Kas\u0131m \u015eehir Stadyumunda devam eden \u00e7al\u0131\u015fmalar\u0131 yerinde inceledi.<\/p>\n","protected":false},"author":1,"featured_media":111276,"comment_status":"open","ping_status":"open","sticky":false,"template":"","format":"standard","meta":{"footnotes":""},"categories":[4,9,7,30],"tags":[],"class_list":["post-111275","post","type-post","status-publish","format-standard","has-post-thumbnail","hentry","category-manset","category-mardin","category-spor","category-ust-manset"],"_links":{"self":[{"href":"https:\/\/mardinhaberyolu.com\/index.php?rest_route=\/wp\/v2\/posts\/111275","targetHints":{"allow":["GET"]}}],"collection":[{"href":"https:\/\/mardinhaberyolu.com\/index.php?rest_route=\/wp\/v2\/posts"}],"about":[{"href":"https:\/\/mardinhaberyolu.com\/index.php?rest_route=\/wp\/v2\/types\/post"}],"author":[{"embeddable":true,"href":"https:\/\/mardinhaberyolu.com\/index.php?rest_route=\/wp\/v2\/users\/1"}],"replies":[{"embeddable":true,"href":"https:\/\/mardinhaberyolu.com\/index.php?rest_route=%2Fwp%2Fv2%2Fcomments&post=111275"}],"version-history":[{"count":1,"href":"https:\/\/mardinhaberyolu.com\/index.php?rest_route=\/wp\/v2\/posts\/111275\/revisions"}],"predecessor-version":[{"id":111278,"href":"https:\/\/mardinhaberyolu.com\/index.php?rest_route=\/wp\/v2\/posts\/111275\/revisions\/111278"}],"wp:featuredmedia":[{"embeddable":true,"href":"https:\/\/mardinhaberyolu.com\/index.php?rest_route=\/wp\/v2\/media\/111276"}],"wp:attachment":[{"href":"https:\/\/mardinhaberyolu.com\/index.php?rest_route=%2Fwp%2Fv2%2Fmedia&parent=111275"}],"wp:term":[{"taxonomy":"category","embeddable":true,"href":"https:\/\/mardinhaberyolu.com\/index.php?rest_route=%2Fwp%2Fv2%2Fcategories&post=111275"},{"taxonomy":"post_tag","embeddable":true,"href":"https:\/\/mardinhaberyolu.com\/index.php?rest_route=%2Fwp%2Fv2%2Ftags&post=111275"}],"curies":[{"name":"wp","href":"https:\/\/api.w.org\/{rel}","templated":true}]}}