{"id":111250,"date":"2025-11-16T06:00:42","date_gmt":"2025-11-16T06:00:42","guid":{"rendered":"https:\/\/mardinhaberyolu.com\/?p=111250"},"modified":"2025-11-16T06:01:47","modified_gmt":"2025-11-16T06:01:47","slug":"mardinli-bagimsiz-siyasetci-akartogg-81-ilde-ticari-taksi-olsun","status":"publish","type":"post","link":"https:\/\/mardinhaberyolu.com\/?p=111250","title":{"rendered":"Mardinli Ba\u011f\u0131ms\u0131z Siyaset\u00e7i Akar:TOGG, 81 \u0130lde Ticari Taksi Olsun"},"content":{"rendered":"<p>Mardinli Ba\u011f\u0131ms\u0131z Siyaset\u00e7i S\u00fcleyman Akar T\u00fcrkiye\u2019nin yerli otomobili TOGG\u2019un t\u00fcm illerde ticari taksi olarak kullan\u0131lmas\u0131n\u0131 \u00f6nererek h\u00fck\u00fcmete \u00e7a\u011fr\u0131da bulundu.<\/p>\n<p>Akar, \u201cTOGG sadece bir ara\u00e7 de\u011fil, bir milletin onurudur. Her sokakta TOGG g\u00f6rmek, halk\u0131n yerli \u00fcretime olan g\u00fcvenini tazeler dedi.<\/p>\n<p><strong>Milletin Arabas\u0131, Milletin Hizmetinde Olsun<\/strong><\/p>\n<p>Akar, TOGG\u2019un \u0130stanbul\u2019dan Mardin\u2019e, \u0130zmir\u2019den Erzurum\u2019a kadar her \u015fehirde ticari taksi olarak kullan\u0131lmas\u0131n\u0131n milli bilin\u00e7 olu\u015fturaca\u011f\u0131n\u0131 vurgulad\u0131. \u201cBu sadece ula\u015f\u0131m de\u011fil, T\u00fcrkiye\u2019nin teknolojik g\u00fcc\u00fcn\u00fc halk\u0131n g\u00fcnl\u00fck ya\u015fam\u0131na ta\u015f\u0131ma meselesidir ifadelerini kulland\u0131.<\/p>\n<p><strong>Vergi Deste\u011fi ve Te\u015fvik Talebi<\/strong><\/p>\n<p>Akar, ticari taksiye \u00f6zel vergi d\u00fczenlemeleriyle TOGG\u2019un daha ula\u015f\u0131labilir hale getirilmesini de \u00f6nerdi:<br \/>\nYerli otomobile te\u015fvik sa\u011flan\u0131rsa hem d\u00f6viz \u00e7\u0131k\u0131\u015f\u0131 azal\u0131r hem de istihdam artar. Bu ad\u0131m, sadece ekonomik de\u011fil stratejik bir ad\u0131md\u0131r.<\/p>\n<p><strong>Her Durakta Bir TOGG Olsun<\/strong><\/p>\n<p>S\u00f6zlerini \u015f\u00f6yle bitirdi:<br \/>\nTOGG bir ayr\u0131cal\u0131k de\u011fil, halk\u0131n eme\u011fidir. H\u00fck\u00fcmete \u00e7a\u011fr\u0131m nettir: TOGG, 81 ilde her durakta, her meydanda halk\u0131n hizmetinde olsun diyerek s\u00f6zlerini tamamlad\u0131.<\/p>\n<p>Edit\u00f6r\u00fc:Mardin Haberyolu<\/p>\n","protected":false},"excerpt":{"rendered":"<p>Siyaset\u00e7i Akar, h\u00fck\u00fcmete \u00e7a\u011fr\u0131da bulunarak Yerli ve Milli olan TOGG Ticari Taksi olarak da hizmet verebilece\u011fi \u00f6nerisinde bulundu. <\/p>\n","protected":false},"author":1,"featured_media":111251,"comment_status":"open","ping_status":"open","sticky":false,"template":"","format":"standard","meta":{"footnotes":""},"categories":[6,3,4,9,18],"tags":[],"class_list":["post-111250","post","type-post","status-publish","format-standard","has-post-thumbnail","hentry","category-ekonomi","category-guncel","category-manset","category-mardin","category-toplumsal-yasam-gundem"],"_links":{"self":[{"href":"https:\/\/mardinhaberyolu.com\/index.php?rest_route=\/wp\/v2\/posts\/111250","targetHints":{"allow":["GET"]}}],"collection":[{"href":"https:\/\/mardinhaberyolu.com\/index.php?rest_route=\/wp\/v2\/posts"}],"about":[{"href":"https:\/\/mardinhaberyolu.com\/index.php?rest_route=\/wp\/v2\/types\/post"}],"author":[{"embeddable":true,"href":"https:\/\/mardinhaberyolu.com\/index.php?rest_route=\/wp\/v2\/users\/1"}],"replies":[{"embeddable":true,"href":"https:\/\/mardinhaberyolu.com\/index.php?rest_route=%2Fwp%2Fv2%2Fcomments&post=111250"}],"version-history":[{"count":3,"href":"https:\/\/mardinhaberyolu.com\/index.php?rest_route=\/wp\/v2\/posts\/111250\/revisions"}],"predecessor-version":[{"id":111254,"href":"https:\/\/mardinhaberyolu.com\/index.php?rest_route=\/wp\/v2\/posts\/111250\/revisions\/111254"}],"wp:featuredmedia":[{"embeddable":true,"href":"https:\/\/mardinhaberyolu.com\/index.php?rest_route=\/wp\/v2\/media\/111251"}],"wp:attachment":[{"href":"https:\/\/mardinhaberyolu.com\/index.php?rest_route=%2Fwp%2Fv2%2Fmedia&parent=111250"}],"wp:term":[{"taxonomy":"category","embeddable":true,"href":"https:\/\/mardinhaberyolu.com\/index.php?rest_route=%2Fwp%2Fv2%2Fcategories&post=111250"},{"taxonomy":"post_tag","embeddable":true,"href":"https:\/\/mardinhaberyolu.com\/index.php?rest_route=%2Fwp%2Fv2%2Ftags&post=111250"}],"curies":[{"name":"wp","href":"https:\/\/api.w.org\/{rel}","templated":true}]}}