{"id":111111,"date":"2025-11-08T18:43:54","date_gmt":"2025-11-08T18:43:54","guid":{"rendered":"https:\/\/mardinhaberyolu.com\/?p=111111"},"modified":"2025-11-08T18:43:54","modified_gmt":"2025-11-08T18:43:54","slug":"sincar-ve-amak-aileleri-arasindaki-husumet-baris-yemegiyle-sona-erdi","status":"publish","type":"post","link":"https:\/\/mardinhaberyolu.com\/?p=111111","title":{"rendered":"Sincar ve Amak Aileleri Aras\u0131ndaki Husumet Bar\u0131\u015f Yeme\u011fiyle Sona Erdi"},"content":{"rendered":"<p>&nbsp;<\/p>\n<p>Mardin\u2019in Artuklu il\u00e7esinde bir s\u00fcredir devam eden Sincar (\u00d6ncel) ve Amak aileleri aras\u0131ndaki husumet, d\u00fczenlenen bar\u0131\u015f yeme\u011fiyle sona erdi.<\/p>\n<p>Artuklu Kervansaray\u0131\u2019nda ger\u00e7ekle\u015fen programa AK Parti \u0130l Ba\u015fkan\u0131 Mehmet Uncu, Artuklu Belediye E\u015fba\u015fkan\u0131 Mehmet Ali Amak ve \u00d6merli Belediye Ba\u015fkan\u0131 H\u00fcsamettin Alt\u0131nda\u011f kat\u0131ld\u0131.<\/p>\n<p>Arabulucular\u0131n yo\u011fun \u00e7abalar\u0131 ve taraflar\u0131n sa\u011fduyulu yakla\u015f\u0131mlar\u0131yla sa\u011flanan uzla\u015fma, AK Parti Mardin \u0130l Ba\u015fkan\u0131 Mehmet Uncu, Artuklu Belediyesi E\u015fba\u015fkan\u0131 Mehmet Ali Amak ve Sabahattin Evrensel\u2019in \u00f6nc\u00fcl\u00fc\u011f\u00fcnde y\u00fcr\u00fct\u00fclen arabuluculuk \u00e7al\u0131\u015fmalar\u0131 sonucunda ger\u00e7ekle\u015fti.<\/p>\n<p>Ger\u00e7ekle\u015ftirilen bar\u0131\u015f yeme\u011finde, iki aile kar\u015f\u0131l\u0131kl\u0131 iyi niyet beyanlar\u0131nda bulunarak, uzun s\u00fcredir devam eden husumete son verdiklerini a\u00e7\u0131klad\u0131.<\/p>\n<p>Bar\u0131\u015f program\u0131, Belediye Ba\u015fkanlar\u0131, b\u00f6lgenin kanaat \u00f6nderleri, a\u015firet temsilcileri ve sivil toplum kurulu\u015fu temsilcilerinin geni\u015f kat\u0131l\u0131m\u0131yla ger\u00e7ekle\u015fti.<\/p>\n<p>Kat\u0131l\u0131mc\u0131lar, toplumsal huzurun korunmas\u0131 ve benzer anla\u015fmazl\u0131klar\u0131n diyalog ve uzla\u015f\u0131 yoluyla \u00e7\u00f6z\u00fclmesinin \u00f6nemine vurgu yapt\u0131.<\/p>\n<p>Programda birlik ve beraberlik mesajlar\u0131 \u00f6ne \u00e7\u0131kt\u0131<\/p>\n<p>Bar\u0131\u015f yeme\u011finde konu\u015fan Artuklu Belediyesi E\u015fba\u015fkan\u0131 Mehmet Ali Amak, toplumsal bar\u0131\u015f\u0131n \u00f6nemine de\u011finerek \u015fu ifadeleri kulland\u0131:<\/p>\n<p>\u201cBug\u00fcn \u00e7ok anlaml\u0131 bir g\u00fcnde, ailemiz Amak ile Sincar ailesi aras\u0131ndaki bar\u0131\u015f sofras\u0131nda bir araya geldik. Bu bar\u0131\u015f\u0131n sa\u011flanmas\u0131nda eme\u011fi ge\u00e7en Necmi \u00d6ncel\u2019e, Abdulkadir Sincar\u2019a, bar\u0131\u015f yeme\u011fine ev sahipli\u011fi yapan Sabahattin Evrensel\u2019e ba\u015fta olmak \u00fczere, katk\u0131 sunan ve kat\u0131l\u0131m sa\u011flayan herkese g\u00f6n\u00fclden te\u015fekk\u00fcr ediyorum. Toplumsal bar\u0131\u015f, birlik ve huzurun \u00f6n aya\u011f\u0131 olacak bu bar\u0131\u015f\u0131n daim olmas\u0131n\u0131 diliyorum.\u201d<\/p>\n<p>Taraflar, bu \u00f6rnek bulu\u015fman\u0131n b\u00f6lgede karde\u015flik, dayan\u0131\u015fma ve sosyal bar\u0131\u015f\u0131n g\u00fc\u00e7lenmesine katk\u0131 sa\u011flamas\u0131n\u0131 temenni ederken, yemekten sonra birbirlerini tebrik ettiler.<\/p>\n<p><img fetchpriority=\"high\" decoding=\"async\" class=\"alignnone size-medium wp-image-111113\" src=\"https:\/\/mardinhaberyolu.com\/wp-content\/uploads\/2025\/11\/IMG-20251108-WA0041-300x200.jpg\" alt=\"\" width=\"300\" height=\"200\" srcset=\"https:\/\/mardinhaberyolu.com\/wp-content\/uploads\/2025\/11\/IMG-20251108-WA0041-300x200.jpg 300w, https:\/\/mardinhaberyolu.com\/wp-content\/uploads\/2025\/11\/IMG-20251108-WA0041-1024x683.jpg 1024w, https:\/\/mardinhaberyolu.com\/wp-content\/uploads\/2025\/11\/IMG-20251108-WA0041-768x512.jpg 768w, https:\/\/mardinhaberyolu.com\/wp-content\/uploads\/2025\/11\/IMG-20251108-WA0041-1536x1025.jpg 1536w, https:\/\/mardinhaberyolu.com\/wp-content\/uploads\/2025\/11\/IMG-20251108-WA0041.jpg 2048w\" sizes=\"(max-width: 300px) 100vw, 300px\" \/> <img decoding=\"async\" class=\"alignnone size-medium wp-image-111114\" src=\"https:\/\/mardinhaberyolu.com\/wp-content\/uploads\/2025\/11\/IMG-20251108-WA0039-300x200.jpg\" alt=\"\" width=\"300\" height=\"200\" srcset=\"https:\/\/mardinhaberyolu.com\/wp-content\/uploads\/2025\/11\/IMG-20251108-WA0039-300x200.jpg 300w, https:\/\/mardinhaberyolu.com\/wp-content\/uploads\/2025\/11\/IMG-20251108-WA0039-1024x683.jpg 1024w, https:\/\/mardinhaberyolu.com\/wp-content\/uploads\/2025\/11\/IMG-20251108-WA0039-768x512.jpg 768w, https:\/\/mardinhaberyolu.com\/wp-content\/uploads\/2025\/11\/IMG-20251108-WA0039-1536x1025.jpg 1536w, https:\/\/mardinhaberyolu.com\/wp-content\/uploads\/2025\/11\/IMG-20251108-WA0039.jpg 2048w\" sizes=\"(max-width: 300px) 100vw, 300px\" \/><\/p>\n<p>Edit\u00f6r\u00fc:Mardin Haberyolu<\/p>\n","protected":false},"excerpt":{"rendered":"<p>Uncu, Amak ve Evrensel\u2019in Giri\u015fimleri Sonu\u00e7 verdi; iki aile aras\u0131ndaki husumet bar\u0131\u015fla sonu\u00e7land\u0131<\/p>\n","protected":false},"author":1,"featured_media":111112,"comment_status":"open","ping_status":"open","sticky":false,"template":"","format":"standard","meta":{"footnotes":""},"categories":[3,4,9,18,30],"tags":[],"class_list":["post-111111","post","type-post","status-publish","format-standard","has-post-thumbnail","hentry","category-guncel","category-manset","category-mardin","category-toplumsal-yasam-gundem","category-ust-manset"],"_links":{"self":[{"href":"https:\/\/mardinhaberyolu.com\/index.php?rest_route=\/wp\/v2\/posts\/111111","targetHints":{"allow":["GET"]}}],"collection":[{"href":"https:\/\/mardinhaberyolu.com\/index.php?rest_route=\/wp\/v2\/posts"}],"about":[{"href":"https:\/\/mardinhaberyolu.com\/index.php?rest_route=\/wp\/v2\/types\/post"}],"author":[{"embeddable":true,"href":"https:\/\/mardinhaberyolu.com\/index.php?rest_route=\/wp\/v2\/users\/1"}],"replies":[{"embeddable":true,"href":"https:\/\/mardinhaberyolu.com\/index.php?rest_route=%2Fwp%2Fv2%2Fcomments&post=111111"}],"version-history":[{"count":1,"href":"https:\/\/mardinhaberyolu.com\/index.php?rest_route=\/wp\/v2\/posts\/111111\/revisions"}],"predecessor-version":[{"id":111115,"href":"https:\/\/mardinhaberyolu.com\/index.php?rest_route=\/wp\/v2\/posts\/111111\/revisions\/111115"}],"wp:featuredmedia":[{"embeddable":true,"href":"https:\/\/mardinhaberyolu.com\/index.php?rest_route=\/wp\/v2\/media\/111112"}],"wp:attachment":[{"href":"https:\/\/mardinhaberyolu.com\/index.php?rest_route=%2Fwp%2Fv2%2Fmedia&parent=111111"}],"wp:term":[{"taxonomy":"category","embeddable":true,"href":"https:\/\/mardinhaberyolu.com\/index.php?rest_route=%2Fwp%2Fv2%2Fcategories&post=111111"},{"taxonomy":"post_tag","embeddable":true,"href":"https:\/\/mardinhaberyolu.com\/index.php?rest_route=%2Fwp%2Fv2%2Ftags&post=111111"}],"curies":[{"name":"wp","href":"https:\/\/api.w.org\/{rel}","templated":true}]}}