{"id":110944,"date":"2025-10-28T13:50:19","date_gmt":"2025-10-28T13:50:19","guid":{"rendered":"https:\/\/mardinhaberyolu.com\/?p=110944"},"modified":"2025-10-28T13:50:19","modified_gmt":"2025-10-28T13:50:19","slug":"artukluda-3-sokak-kademeli-olarak-trafige-kapatilacak","status":"publish","type":"post","link":"https:\/\/mardinhaberyolu.com\/?p=110944","title":{"rendered":"Artuklu\u2019da 3 Sokak Kademeli Olarak Trafi\u011fe Kapat\u0131lacak"},"content":{"rendered":"<p><img fetchpriority=\"high\" decoding=\"async\" class=\"alignnone size-medium wp-image-110946\" src=\"https:\/\/mardinhaberyolu.com\/wp-content\/uploads\/2025\/10\/IMG-20251028-WA0064-300x170.jpg\" alt=\"\" width=\"300\" height=\"170\" srcset=\"https:\/\/mardinhaberyolu.com\/wp-content\/uploads\/2025\/10\/IMG-20251028-WA0064-300x170.jpg 300w, https:\/\/mardinhaberyolu.com\/wp-content\/uploads\/2025\/10\/IMG-20251028-WA0064-1024x579.jpg 1024w, https:\/\/mardinhaberyolu.com\/wp-content\/uploads\/2025\/10\/IMG-20251028-WA0064-768x434.jpg 768w, https:\/\/mardinhaberyolu.com\/wp-content\/uploads\/2025\/10\/IMG-20251028-WA0064-1536x868.jpg 1536w, https:\/\/mardinhaberyolu.com\/wp-content\/uploads\/2025\/10\/IMG-20251028-WA0064.jpg 1600w\" sizes=\"(max-width: 300px) 100vw, 300px\" \/><\/p>\n<p>Artuklu il\u00e7esinin i\u00e7me suyu sorununu \u00e7\u00f6zmek amac\u0131yla s\u00fcrd\u00fcr\u00fclen \u201cMardin \u0130\u00e7me Suyu Projesi\u201d kapsam\u0131nda, en \u00f6nemli a\u015famalar\u0131ndan olan 18,5 kilometre uzunlu\u011fundaki Koyunlu Ana \u0130sale Hatt\u0131 ile Kas\u0131miye b\u00f6lgesinde yap\u0131m\u0131 tamamlanan 15 bin metrek\u00fcp kapasiteli Kas\u0131miye-1 ve 7 bin 500 metrek\u00fcp kapasiteli Kas\u0131miye-2 i\u00e7me suyu depolar\u0131n\u0131n, Yeni\u015fehir b\u00f6lgesinde yeni \u015febekeye ba\u011flant\u0131s\u0131n\u0131 sa\u011flayan 1300 metre uzunlu\u011fundaki 700 ve 900 milimetre \u00e7ap\u0131ndaki ana hat \u00e7al\u0131\u015fmalar\u0131n\u0131n tamamlanmas\u0131n\u0131n ard\u0131ndan \u015fehir i\u00e7i \u00e7al\u0131\u015fmalara h\u0131z verildi.<br \/>\nMARSU Genel M\u00fcd\u00fcrl\u00fc\u011f\u00fc\u2019nden yap\u0131lan a\u00e7\u0131klamada, \u015fehir i\u00e7i ana hat d\u00f6\u015feme \u00e7al\u0131\u015fmalar\u0131 kapsam\u0131nda kademeli olarak y\u00fcr\u00fct\u00fclecek \u00e7al\u0131\u015fmalar dolay\u0131s\u0131yla Zafer, Eda ve \u00c7a\u011fda\u015f sokaklar\u0131n\u0131n, trafik ve yaya g\u00fcvenli\u011fi amac\u0131yla 29 Ekim 2025 tarihinde trafi\u011fe kapat\u0131laca\u011f\u0131 duyuruldu.<br \/>\nA\u00e7\u0131klamada, s\u00fcr\u00fcc\u00fclerin ula\u015f\u0131mda aksama ya\u015famamalar\u0131 i\u00e7in y\u00f6nlendirme levhalar\u0131 ve trafik i\u015faretlerine dikkat etmeleri gerekti\u011fi vurguland\u0131. Ayr\u0131ca, \u00e7al\u0131\u015fmalar\u0131n belirlenen program dahilinde aksamadan s\u00fcrd\u00fcr\u00fclebilmesi i\u00e7in \u00e7al\u0131\u015fma b\u00f6lgelerinde ara\u00e7 park\u0131 yap\u0131lmamas\u0131n\u0131n \u00f6nem ta\u015f\u0131d\u0131\u011f\u0131 belirtildi.<\/p>\n<p>Haber Merkezi<\/p>\n","protected":false},"excerpt":{"rendered":"<p>Mardin B\u00fcy\u00fck\u015fehir Belediyesi Su ve Kanalizasyon \u0130daresi (MARSU) Genel M\u00fcd\u00fcrl\u00fc\u011f\u00fc, Artuklu il\u00e7esinde devam eden i\u00e7me suyu \u00e7al\u0131\u015fmalar\u0131 kapsam\u0131nda \u00fc\u00e7 soka\u011f\u0131n, trafik ve yaya g\u00fcvenli\u011fi amac\u0131yla kademeli olarak kapat\u0131laca\u011f\u0131n\u0131 bildirdi.<\/p>\n","protected":false},"author":1,"featured_media":110945,"comment_status":"open","ping_status":"open","sticky":false,"template":"","format":"standard","meta":{"footnotes":""},"categories":[3,4,9,18,30,27],"tags":[],"class_list":["post-110944","post","type-post","status-publish","format-standard","has-post-thumbnail","hentry","category-guncel","category-manset","category-mardin","category-toplumsal-yasam-gundem","category-ust-manset","category-yerel-siyaset"],"_links":{"self":[{"href":"https:\/\/mardinhaberyolu.com\/index.php?rest_route=\/wp\/v2\/posts\/110944","targetHints":{"allow":["GET"]}}],"collection":[{"href":"https:\/\/mardinhaberyolu.com\/index.php?rest_route=\/wp\/v2\/posts"}],"about":[{"href":"https:\/\/mardinhaberyolu.com\/index.php?rest_route=\/wp\/v2\/types\/post"}],"author":[{"embeddable":true,"href":"https:\/\/mardinhaberyolu.com\/index.php?rest_route=\/wp\/v2\/users\/1"}],"replies":[{"embeddable":true,"href":"https:\/\/mardinhaberyolu.com\/index.php?rest_route=%2Fwp%2Fv2%2Fcomments&post=110944"}],"version-history":[{"count":1,"href":"https:\/\/mardinhaberyolu.com\/index.php?rest_route=\/wp\/v2\/posts\/110944\/revisions"}],"predecessor-version":[{"id":110947,"href":"https:\/\/mardinhaberyolu.com\/index.php?rest_route=\/wp\/v2\/posts\/110944\/revisions\/110947"}],"wp:featuredmedia":[{"embeddable":true,"href":"https:\/\/mardinhaberyolu.com\/index.php?rest_route=\/wp\/v2\/media\/110945"}],"wp:attachment":[{"href":"https:\/\/mardinhaberyolu.com\/index.php?rest_route=%2Fwp%2Fv2%2Fmedia&parent=110944"}],"wp:term":[{"taxonomy":"category","embeddable":true,"href":"https:\/\/mardinhaberyolu.com\/index.php?rest_route=%2Fwp%2Fv2%2Fcategories&post=110944"},{"taxonomy":"post_tag","embeddable":true,"href":"https:\/\/mardinhaberyolu.com\/index.php?rest_route=%2Fwp%2Fv2%2Ftags&post=110944"}],"curies":[{"name":"wp","href":"https:\/\/api.w.org\/{rel}","templated":true}]}}