{"id":110378,"date":"2025-09-26T08:26:42","date_gmt":"2025-09-26T08:26:42","guid":{"rendered":"https:\/\/mardinhaberyolu.com\/?p=110378"},"modified":"2025-09-26T08:27:10","modified_gmt":"2025-09-26T08:27:10","slug":"mardinde-askom-acil-saglik-hizmetleri-koordinasyon-komisyonu-toplantisi-gerceklestirildi","status":"publish","type":"post","link":"https:\/\/mardinhaberyolu.com\/?p=110378","title":{"rendered":"Mardin\u2019de (ASKOM) Acil Sa\u011fl\u0131k Hizmetleri Koordinasyon Komisyonu Toplant\u0131s\u0131 Ger\u00e7ekle\u015ftirildi"},"content":{"rendered":"<p>\u0130l Sa\u011fl\u0131k M\u00fcd\u00fcrl\u00fc\u011f\u00fc y\u00f6neticileri, hastane ba\u015fhekimleri ve ilgili idari personelin kat\u0131l\u0131m\u0131yla ger\u00e7ekle\u015ftirilen Acil Sa\u011fl\u0131k Hizmetleri Koordinasyon Komisyonu (ASKOM) toplant\u0131s\u0131, 25 Eyl\u00fcl 2025 tarihinde yap\u0131ld\u0131.<br \/>\nToplant\u0131 s\u0131ras\u0131nda, sistemin iyile\u015ftirilmesi ve hasta g\u00fcvenli\u011finin art\u0131r\u0131lmas\u0131 amac\u0131yla yap\u0131lan de\u011ferlendirmeler \u00fczerine a\u00e7\u0131klamalarda bulunuldu.<br \/>\n\u0130l Sa\u011fl\u0131k M\u00fcd\u00fcr\u00fcm\u00fcz Uzm. Dr. Saffet YAVUZ:<br \/>\n&#8220;ASKOM toplant\u0131m\u0131zda, acil sa\u011fl\u0131k hizmetleri sistemimizi s\u00fcrekli olarak geli\u015ftirme ve daha koordineli bir yap\u0131ya kavu\u015fturma hedefimiz do\u011frultusunda \u00f6nemli ad\u0131mlar at\u0131yoruz.&#8221; dedi.<br \/>\n\u0130l Ambulans Servisi Ba\u015fhekimi Uzm. Dr. Aziz Z\u0130LAN:<br \/>\n&#8220;G\u00f6r\u00fc\u015fmelerimiz, 112 Komuta Kontrol Merkezi ile Hastaneler aras\u0131ndaki bilgi ve i\u015f ak\u0131\u015f\u0131n\u0131 netle\u015ftirerek saha personelimizin etkinli\u011fini ve hizmet sunum h\u0131z\u0131m\u0131z\u0131 art\u0131rmaya odaklanm\u0131\u015ft\u0131r.&#8221; dedi.<\/p>\n<p><img fetchpriority=\"high\" decoding=\"async\" class=\"alignnone size-medium wp-image-110381\" src=\"https:\/\/mardinhaberyolu.com\/wp-content\/uploads\/2025\/09\/s3-300x169.jpg\" alt=\"\" width=\"300\" height=\"169\" srcset=\"https:\/\/mardinhaberyolu.com\/wp-content\/uploads\/2025\/09\/s3-300x169.jpg 300w, https:\/\/mardinhaberyolu.com\/wp-content\/uploads\/2025\/09\/s3-1024x576.jpg 1024w, https:\/\/mardinhaberyolu.com\/wp-content\/uploads\/2025\/09\/s3-768x432.jpg 768w, https:\/\/mardinhaberyolu.com\/wp-content\/uploads\/2025\/09\/s3-1536x864.jpg 1536w, https:\/\/mardinhaberyolu.com\/wp-content\/uploads\/2025\/09\/s3.jpg 1600w\" sizes=\"(max-width: 300px) 100vw, 300px\" \/><br \/>\nEMRULLAH KARAKA\u015e-MARD\u0130N HABERYOLU<\/p>\n","protected":false},"excerpt":{"rendered":"<p>Mardin \u0130l Sa\u011fl\u0131k M\u00fcd\u00fcrl\u00fc\u011f\u00fc koordinasyonunda, il\u2019deki acil sa\u011fl\u0131k hizmetleri sistemini geli\u015ftirmek ve kurumlar aras\u0131 i\u015f birli\u011fini g\u00fc\u00e7lendirmek amac\u0131yla bir toplant\u0131 d\u00fczenlendi.<\/p>\n","protected":false},"author":1,"featured_media":110379,"comment_status":"open","ping_status":"open","sticky":false,"template":"","format":"standard","meta":{"footnotes":""},"categories":[3,4,9,19],"tags":[],"class_list":["post-110378","post","type-post","status-publish","format-standard","has-post-thumbnail","hentry","category-guncel","category-manset","category-mardin","category-saglik"],"_links":{"self":[{"href":"https:\/\/mardinhaberyolu.com\/index.php?rest_route=\/wp\/v2\/posts\/110378","targetHints":{"allow":["GET"]}}],"collection":[{"href":"https:\/\/mardinhaberyolu.com\/index.php?rest_route=\/wp\/v2\/posts"}],"about":[{"href":"https:\/\/mardinhaberyolu.com\/index.php?rest_route=\/wp\/v2\/types\/post"}],"author":[{"embeddable":true,"href":"https:\/\/mardinhaberyolu.com\/index.php?rest_route=\/wp\/v2\/users\/1"}],"replies":[{"embeddable":true,"href":"https:\/\/mardinhaberyolu.com\/index.php?rest_route=%2Fwp%2Fv2%2Fcomments&post=110378"}],"version-history":[{"count":2,"href":"https:\/\/mardinhaberyolu.com\/index.php?rest_route=\/wp\/v2\/posts\/110378\/revisions"}],"predecessor-version":[{"id":110382,"href":"https:\/\/mardinhaberyolu.com\/index.php?rest_route=\/wp\/v2\/posts\/110378\/revisions\/110382"}],"wp:featuredmedia":[{"embeddable":true,"href":"https:\/\/mardinhaberyolu.com\/index.php?rest_route=\/wp\/v2\/media\/110379"}],"wp:attachment":[{"href":"https:\/\/mardinhaberyolu.com\/index.php?rest_route=%2Fwp%2Fv2%2Fmedia&parent=110378"}],"wp:term":[{"taxonomy":"category","embeddable":true,"href":"https:\/\/mardinhaberyolu.com\/index.php?rest_route=%2Fwp%2Fv2%2Fcategories&post=110378"},{"taxonomy":"post_tag","embeddable":true,"href":"https:\/\/mardinhaberyolu.com\/index.php?rest_route=%2Fwp%2Fv2%2Ftags&post=110378"}],"curies":[{"name":"wp","href":"https:\/\/api.w.org\/{rel}","templated":true}]}}