{"id":110374,"date":"2025-09-25T13:17:35","date_gmt":"2025-09-25T13:17:35","guid":{"rendered":"https:\/\/mardinhaberyolu.com\/?p=110374"},"modified":"2025-09-25T13:17:35","modified_gmt":"2025-09-25T13:17:35","slug":"ggcden-diyarbakir-emniyet-mudurune-ziyaret","status":"publish","type":"post","link":"https:\/\/mardinhaberyolu.com\/?p=110374","title":{"rendered":"GGC\u2019den Diyarbak\u0131r Emniyet M\u00fcd\u00fcr\u00fc\u2019ne ziyaret"},"content":{"rendered":"<p>GGC Ba\u015fkan\u0131 Felat Bozarslan\u2019\u0131n yan\u0131 s\u0131ra, Ba\u015fkanvekili Ayta\u00e7 Akhan, Ba\u015fkan Yard\u0131mc\u0131s\u0131 \u015eehmus K\u0131z\u0131laslan ve Y\u00f6netim Kurulu \u00dcyeleri Hozan Adar, Ayser \u00c7\u0131nar ile Orhan \u015eener ziyarette haz\u0131r bulundu.<\/p>\n<p>Ziyarette GGC Ba\u015fkan\u0131 Felat Bozarslan, cemiyetin tarih\u00e7esi, faaliyetleri ve b\u00f6lgedeki gazetecilere y\u00f6nelik y\u00fcr\u00fctt\u00fckleri \u00e7al\u0131\u015fmalar hakk\u0131nda Emniyet M\u00fcd\u00fcr\u00fc Nurettin G\u00f6kduman\u2019a bilgi verdi.<\/p>\n<p>Emniyet M\u00fcd\u00fcr\u00fc G\u00f6kduman ise bas\u0131n\u0131n kamuoyunu bilgilendirme konusunda \u00fcstlendi\u011fi kritik role dikkat \u00e7ekerek, g\u00f6rev yapt\u0131\u011f\u0131 kentlerde bas\u0131n mensuplar\u0131yla s\u00fcrekli ileti\u015fim halinde oldu\u011funu ifade etti. G\u00f6kduman, bas\u0131n\u0131n do\u011fru ve g\u00fcvenilir bilgi ak\u0131\u015f\u0131nda \u00f6nemli bir sorumluluk ta\u015f\u0131d\u0131\u011f\u0131n\u0131 vurgulad\u0131.<\/p>\n<p>GGC y\u00f6netimi, ayr\u0131ca Emniyet M\u00fcd\u00fcr\u00fc Nurettin G\u00f6kduman\u2019\u0131 39. GGC Y\u0131l\u0131n Ba\u015far\u0131l\u0131 Gazetecileri \u00d6d\u00fcl T\u00f6reni\u2019ne davet etti.<\/p>\n<p>Ziyaret hat\u0131ra foto\u011fraf\u0131 \u00e7ekimiyle sona erdi.<\/p>\n<p><img fetchpriority=\"high\" decoding=\"async\" class=\"alignnone size-medium wp-image-110376\" src=\"https:\/\/mardinhaberyolu.com\/wp-content\/uploads\/2025\/09\/IMG-20250925-WA0030-300x200.jpg\" alt=\"\" width=\"300\" height=\"200\" srcset=\"https:\/\/mardinhaberyolu.com\/wp-content\/uploads\/2025\/09\/IMG-20250925-WA0030-300x200.jpg 300w, https:\/\/mardinhaberyolu.com\/wp-content\/uploads\/2025\/09\/IMG-20250925-WA0030-1024x682.jpg 1024w, https:\/\/mardinhaberyolu.com\/wp-content\/uploads\/2025\/09\/IMG-20250925-WA0030-768x512.jpg 768w, https:\/\/mardinhaberyolu.com\/wp-content\/uploads\/2025\/09\/IMG-20250925-WA0030-1536x1024.jpg 1536w, https:\/\/mardinhaberyolu.com\/wp-content\/uploads\/2025\/09\/IMG-20250925-WA0030-2048x1365.jpg 2048w\" sizes=\"(max-width: 300px) 100vw, 300px\" \/><\/p>\n<p>B\u00fclten<\/p>\n","protected":false},"excerpt":{"rendered":"<p>G\u00fcneydo\u011fu Gazeteciler Cemiyeti (GGC) Y\u00f6netim Kurulu, Diyarbak\u0131r\u2019a yeni atanan Emniyet M\u00fcd\u00fcr\u00fc Nurettin G\u00f6kduman\u2019a hay\u0131rl\u0131 olsun ziyaretinde bulundu.<\/p>\n","protected":false},"author":1,"featured_media":110375,"comment_status":"open","ping_status":"open","sticky":false,"template":"","format":"standard","meta":{"footnotes":""},"categories":[20,3,4,9,30],"tags":[],"class_list":["post-110374","post","type-post","status-publish","format-standard","has-post-thumbnail","hentry","category-basin","category-guncel","category-manset","category-mardin","category-ust-manset"],"_links":{"self":[{"href":"https:\/\/mardinhaberyolu.com\/index.php?rest_route=\/wp\/v2\/posts\/110374","targetHints":{"allow":["GET"]}}],"collection":[{"href":"https:\/\/mardinhaberyolu.com\/index.php?rest_route=\/wp\/v2\/posts"}],"about":[{"href":"https:\/\/mardinhaberyolu.com\/index.php?rest_route=\/wp\/v2\/types\/post"}],"author":[{"embeddable":true,"href":"https:\/\/mardinhaberyolu.com\/index.php?rest_route=\/wp\/v2\/users\/1"}],"replies":[{"embeddable":true,"href":"https:\/\/mardinhaberyolu.com\/index.php?rest_route=%2Fwp%2Fv2%2Fcomments&post=110374"}],"version-history":[{"count":1,"href":"https:\/\/mardinhaberyolu.com\/index.php?rest_route=\/wp\/v2\/posts\/110374\/revisions"}],"predecessor-version":[{"id":110377,"href":"https:\/\/mardinhaberyolu.com\/index.php?rest_route=\/wp\/v2\/posts\/110374\/revisions\/110377"}],"wp:featuredmedia":[{"embeddable":true,"href":"https:\/\/mardinhaberyolu.com\/index.php?rest_route=\/wp\/v2\/media\/110375"}],"wp:attachment":[{"href":"https:\/\/mardinhaberyolu.com\/index.php?rest_route=%2Fwp%2Fv2%2Fmedia&parent=110374"}],"wp:term":[{"taxonomy":"category","embeddable":true,"href":"https:\/\/mardinhaberyolu.com\/index.php?rest_route=%2Fwp%2Fv2%2Fcategories&post=110374"},{"taxonomy":"post_tag","embeddable":true,"href":"https:\/\/mardinhaberyolu.com\/index.php?rest_route=%2Fwp%2Fv2%2Ftags&post=110374"}],"curies":[{"name":"wp","href":"https:\/\/api.w.org\/{rel}","templated":true}]}}