{"id":110275,"date":"2025-09-20T10:30:08","date_gmt":"2025-09-20T10:30:08","guid":{"rendered":"https:\/\/mardinhaberyolu.com\/?p=110275"},"modified":"2025-09-20T10:30:08","modified_gmt":"2025-09-20T10:30:08","slug":"artukluda-kadin-emegiyle-kis-sebzeleri-toprakla-bulustu","status":"publish","type":"post","link":"https:\/\/mardinhaberyolu.com\/?p=110275","title":{"rendered":"Artuklu\u2019da Kad\u0131n Eme\u011fiyle K\u0131\u015f Sebzeleri Toprakla Bulu\u015ftu"},"content":{"rendered":"<p>Yaz sebzelerinin ard\u0131ndan mor havu\u00e7, roka, tere, paz\u0131, k\u0131rm\u0131z\u0131 turp ve maydanoz tohumlar\u0131 toprakla bulu\u015fturuldu.<\/p>\n<p>E\u015fba\u015fkan Yard\u0131mc\u0131s\u0131 G\u00fclgen Do\u011fan, Ziraat M\u00fchendisleri Odas\u0131 (ZMO), Belediye Kad\u0131n Meclisi, kad\u0131n \u00e7al\u0131\u015fanlar ve emek\u00e7i kad\u0131nlar\u0131n kat\u0131l\u0131m\u0131yla ger\u00e7ekle\u015ftirilen ekim \u00e7al\u0131\u015fmalar\u0131yla birlikte, mevsimine uygun di\u011fer k\u0131\u015f sebze fide ekimlerinin de \u00f6n\u00fcm\u00fczdeki g\u00fcnlerde devam edece\u011fi belirtildi.<\/p>\n<p>Projenin temel amac\u0131n\u0131n, ekolojik tar\u0131m\u0131 desteklemek, s\u00fcrd\u00fcr\u00fclebilirli\u011fi g\u00fc\u00e7lendirmek ve kad\u0131n eme\u011fiyle bu miras\u0131 gelecek nesillere aktarmak oldu\u011fu vurguland\u0131.<\/p>\n<p>Edit\u00f6r\u00fc: Mardin Haberyolu<\/p>\n","protected":false},"excerpt":{"rendered":"<p>Artuklu Belediyesi, G\u00fcneydo\u011fu Anadolu Belediyeler Birli\u011fi (GABB) \u00f6nc\u00fcl\u00fc\u011f\u00fcnde y\u00fcr\u00fct\u00fclen proje kapsam\u0131nda kad\u0131nlar\u0131n eme\u011fiyle k\u0131\u015f sebze ekim sezonunu ba\u015flatt\u0131.<\/p>\n","protected":false},"author":1,"featured_media":110276,"comment_status":"open","ping_status":"open","sticky":false,"template":"","format":"standard","meta":{"footnotes":""},"categories":[3,4,9,18,27],"tags":[],"class_list":["post-110275","post","type-post","status-publish","format-standard","has-post-thumbnail","hentry","category-guncel","category-manset","category-mardin","category-toplumsal-yasam-gundem","category-yerel-siyaset"],"_links":{"self":[{"href":"https:\/\/mardinhaberyolu.com\/index.php?rest_route=\/wp\/v2\/posts\/110275","targetHints":{"allow":["GET"]}}],"collection":[{"href":"https:\/\/mardinhaberyolu.com\/index.php?rest_route=\/wp\/v2\/posts"}],"about":[{"href":"https:\/\/mardinhaberyolu.com\/index.php?rest_route=\/wp\/v2\/types\/post"}],"author":[{"embeddable":true,"href":"https:\/\/mardinhaberyolu.com\/index.php?rest_route=\/wp\/v2\/users\/1"}],"replies":[{"embeddable":true,"href":"https:\/\/mardinhaberyolu.com\/index.php?rest_route=%2Fwp%2Fv2%2Fcomments&post=110275"}],"version-history":[{"count":1,"href":"https:\/\/mardinhaberyolu.com\/index.php?rest_route=\/wp\/v2\/posts\/110275\/revisions"}],"predecessor-version":[{"id":110277,"href":"https:\/\/mardinhaberyolu.com\/index.php?rest_route=\/wp\/v2\/posts\/110275\/revisions\/110277"}],"wp:featuredmedia":[{"embeddable":true,"href":"https:\/\/mardinhaberyolu.com\/index.php?rest_route=\/wp\/v2\/media\/110276"}],"wp:attachment":[{"href":"https:\/\/mardinhaberyolu.com\/index.php?rest_route=%2Fwp%2Fv2%2Fmedia&parent=110275"}],"wp:term":[{"taxonomy":"category","embeddable":true,"href":"https:\/\/mardinhaberyolu.com\/index.php?rest_route=%2Fwp%2Fv2%2Fcategories&post=110275"},{"taxonomy":"post_tag","embeddable":true,"href":"https:\/\/mardinhaberyolu.com\/index.php?rest_route=%2Fwp%2Fv2%2Ftags&post=110275"}],"curies":[{"name":"wp","href":"https:\/\/api.w.org\/{rel}","templated":true}]}}