{"id":110267,"date":"2025-09-19T23:14:20","date_gmt":"2025-09-19T23:14:20","guid":{"rendered":"https:\/\/mardinhaberyolu.com\/?p=110267"},"modified":"2025-09-19T23:14:20","modified_gmt":"2025-09-19T23:14:20","slug":"mardinde-19-eylul-gaziler-gunu-programi-duzenlendi","status":"publish","type":"post","link":"https:\/\/mardinhaberyolu.com\/?p=110267","title":{"rendered":"Mardin\u2019de 19 Eyl\u00fcl Gaziler G\u00fcn\u00fc Program\u0131 d\u00fczenlendi"},"content":{"rendered":"<p>Vali ve B\u00fcy\u00fck\u015fehir Belediye Ba\u015fkan Vekili Tuncay Akkoyun\u2019un ev sahipli\u011finde d\u00fczenlenen programa, Aziz \u015eehitlerimizin aileleri, Kahraman Gazilerimiz ve aileleri kat\u0131ld\u0131.<\/p>\n<p>Program, Kur\u2019an-\u0131 Kerim tilaveti ile ba\u015flad\u0131. Ard\u0131ndan AK Parti Mardin Milletvekili Faruk K\u0131l\u0131\u00e7 ve Vali Tuncay Akkoyun g\u00fcn\u00fcn anlam ve \u00f6nemine ili\u015fkin birer konu\u015fma yapt\u0131. Konu\u015fmalar\u0131n ard\u0131ndan \u015fehitlerimiz ve gazilerimiz i\u00e7in dua edildi.<\/p>\n<p><img fetchpriority=\"high\" decoding=\"async\" class=\"alignnone size-medium wp-image-110270\" src=\"https:\/\/mardinhaberyolu.com\/wp-content\/uploads\/2025\/09\/IMG-20250919-WA0052-300x200.jpg\" alt=\"\" width=\"300\" height=\"200\" srcset=\"https:\/\/mardinhaberyolu.com\/wp-content\/uploads\/2025\/09\/IMG-20250919-WA0052-300x200.jpg 300w, https:\/\/mardinhaberyolu.com\/wp-content\/uploads\/2025\/09\/IMG-20250919-WA0052-1024x683.jpg 1024w, https:\/\/mardinhaberyolu.com\/wp-content\/uploads\/2025\/09\/IMG-20250919-WA0052-768x512.jpg 768w, https:\/\/mardinhaberyolu.com\/wp-content\/uploads\/2025\/09\/IMG-20250919-WA0052-1536x1024.jpg 1536w, https:\/\/mardinhaberyolu.com\/wp-content\/uploads\/2025\/09\/IMG-20250919-WA0052-2048x1366.jpg 2048w\" sizes=\"(max-width: 300px) 100vw, 300px\" \/><\/p>\n<p>&nbsp;<\/p>\n<p>Vali Akkoyun: \u201cMardin, Karde\u015fli\u011fin En G\u00fczel \u015eekilde Ya\u015fand\u0131\u011f\u0131 \u015eehir\u201d<\/p>\n<p>Vali Akkoyun, konu\u015fmas\u0131nda Mardin\u2019in, birlik ve beraberli\u011fin en g\u00fczel \u015fekilde ya\u015fand\u0131\u011f\u0131 \u00f6zel bir \u015fehir oldu\u011funu vurgulayarak, \u201cBu kadim topraklar\u0131n birle\u015ftirici ruhu, Aziz \u015eehitlerimizin ve Kahraman Gazilerimizin \u015fanl\u0131 m\u00fccadelesiyle yo\u011frulmu\u015ftur. Ter\u00f6rs\u00fcz T\u00fcrkiye vizyonu, Mardin\u2019in as\u0131rlard\u0131r s\u00fcrd\u00fcrd\u00fc\u011f\u00fc birlikte ya\u015fama k\u00fclt\u00fcr\u00fcn\u00fcn mayas\u0131d\u0131r\u201d dedi.<\/p>\n<p>Gazili\u011fin, azmin ve m\u00fccadele ruhunun gelece\u011fe ta\u015f\u0131nmas\u0131nda \u00e7ok k\u0131ymetli bir de\u011fer oldu\u011funa dikkat \u00e7eken Akkoyun, \u201cHer bir Gazimiz, Mardin\u2019imizin tarihi duvarlar\u0131 gibi sa\u011flam, kadim gelene\u011fimiz gibi g\u00fc\u00e7l\u00fc ve y\u00fcreklidir. Cumhurba\u015fkan\u0131m\u0131z\u0131n liderli\u011finde \u015fekillenen T\u00fcrkiye Y\u00fczy\u0131l\u0131 hedeflerimiz; teknolojik ilerleme ve ekonomik kalk\u0131nman\u0131n yan\u0131nda kadim de\u011ferlerimizin ya\u015fat\u0131lmas\u0131n\u0131 da \u00f6ng\u00f6rmektedir\u201d ifadelerini kulland\u0131.<\/p>\n<p>Vali Akkoyun, \u015fehit aileleri ve gazilerle her f\u0131rsatta bir araya gelmeye \u00f6zen g\u00f6sterdiklerini belirterek, \u201c\u015eehitlerimizin ve gazilerimizin aziz hat\u0131ralar\u0131na olan borcumuzu, onlar\u0131n b\u0131rakt\u0131\u011f\u0131 kadim miras\u0131 ya\u015fatarak, \u00fclkemizin bekas\u0131 i\u00e7in var g\u00fcc\u00fcm\u00fczle \u00e7al\u0131\u015farak \u00f6deyece\u011fiz\u201d dedi.<\/p>\n<p><img decoding=\"async\" class=\"alignnone size-medium wp-image-110271\" src=\"https:\/\/mardinhaberyolu.com\/wp-content\/uploads\/2025\/09\/IMG-20250919-WA0054-1-300x200.jpg\" alt=\"\" width=\"300\" height=\"200\" srcset=\"https:\/\/mardinhaberyolu.com\/wp-content\/uploads\/2025\/09\/IMG-20250919-WA0054-1-300x200.jpg 300w, https:\/\/mardinhaberyolu.com\/wp-content\/uploads\/2025\/09\/IMG-20250919-WA0054-1-1024x683.jpg 1024w, https:\/\/mardinhaberyolu.com\/wp-content\/uploads\/2025\/09\/IMG-20250919-WA0054-1-768x512.jpg 768w, https:\/\/mardinhaberyolu.com\/wp-content\/uploads\/2025\/09\/IMG-20250919-WA0054-1-1536x1024.jpg 1536w, https:\/\/mardinhaberyolu.com\/wp-content\/uploads\/2025\/09\/IMG-20250919-WA0054-1-2048x1366.jpg 2048w\" sizes=\"(max-width: 300px) 100vw, 300px\" \/><\/p>\n<p>Milletvekili K\u0131l\u0131\u00e7: \u201cBu Vatan Bizlere \u015eehit ve Gazilerimizin Emanetidir\u201d<\/p>\n<p>AK Parti Mardin Milletvekili Faruk K\u0131l\u0131\u00e7 ise konu\u015fmas\u0131nda, \u015fehit ve gazilerin milletimizin en k\u0131ymetli de\u011ferleri oldu\u011funu vurgulad\u0131. K\u0131l\u0131\u00e7, \u201cBu millet gazi bir millettir. \u015eehitlerimiz ve gazilerimizin emaneti olan bu vatana sahip \u00e7\u0131kmaya devam edece\u011fiz. Hi\u00e7 kimsenin \u015f\u00fcphesi olmas\u0131n ki g\u00fcvenlik g\u00fc\u00e7lerimiz milletimizin huzuru ve g\u00fcvenli\u011fi i\u00e7in gece g\u00fcnd\u00fcz demeden m\u00fccadele etmektedir\u201d dedi.<\/p>\n<p>K\u0131l\u0131\u00e7; \u201cSay\u0131n Cumhurba\u015fkan\u0131m\u0131z\u0131n liderli\u011finde ter\u00f6rs\u00fcz T\u00fcrkiye i\u00e7in t\u00fcm kurumlar\u0131m\u0131z canla ba\u015fla \u00e7al\u0131\u015fmaktad\u0131r. Temennimiz, annelerimizin y\u00fcre\u011finin bir daha yanmamas\u0131, \u00fclkemizin ter\u00f6r belas\u0131ndan tamamen kurtulmas\u0131d\u0131r\u201d ifadelerini kulland\u0131.<\/p>\n<p>Program, \u015fehitler ve gaziler i\u00e7in yap\u0131lan dua ile sona erdi.<\/p>\n<p><img decoding=\"async\" class=\"alignnone size-medium wp-image-110272\" src=\"https:\/\/mardinhaberyolu.com\/wp-content\/uploads\/2025\/09\/IMG-20250919-WA0053-300x200.jpg\" alt=\"\" width=\"300\" height=\"200\" srcset=\"https:\/\/mardinhaberyolu.com\/wp-content\/uploads\/2025\/09\/IMG-20250919-WA0053-300x200.jpg 300w, https:\/\/mardinhaberyolu.com\/wp-content\/uploads\/2025\/09\/IMG-20250919-WA0053-1024x683.jpg 1024w, https:\/\/mardinhaberyolu.com\/wp-content\/uploads\/2025\/09\/IMG-20250919-WA0053-768x512.jpg 768w, https:\/\/mardinhaberyolu.com\/wp-content\/uploads\/2025\/09\/IMG-20250919-WA0053-1536x1025.jpg 1536w, https:\/\/mardinhaberyolu.com\/wp-content\/uploads\/2025\/09\/IMG-20250919-WA0053-2048x1366.jpg 2048w\" sizes=\"(max-width: 300px) 100vw, 300px\" \/> <img loading=\"lazy\" decoding=\"async\" class=\"alignnone size-medium wp-image-110273\" src=\"https:\/\/mardinhaberyolu.com\/wp-content\/uploads\/2025\/09\/IMG-20250919-WA0051-300x200.jpg\" alt=\"\" width=\"300\" height=\"200\" srcset=\"https:\/\/mardinhaberyolu.com\/wp-content\/uploads\/2025\/09\/IMG-20250919-WA0051-300x200.jpg 300w, https:\/\/mardinhaberyolu.com\/wp-content\/uploads\/2025\/09\/IMG-20250919-WA0051-1024x683.jpg 1024w, https:\/\/mardinhaberyolu.com\/wp-content\/uploads\/2025\/09\/IMG-20250919-WA0051-768x512.jpg 768w, https:\/\/mardinhaberyolu.com\/wp-content\/uploads\/2025\/09\/IMG-20250919-WA0051-1536x1025.jpg 1536w, https:\/\/mardinhaberyolu.com\/wp-content\/uploads\/2025\/09\/IMG-20250919-WA0051-2048x1366.jpg 2048w\" sizes=\"(max-width: 300px) 100vw, 300px\" \/><\/p>\n<p>Edit\u00f6r\u00fc:Mardin Haberyolu<\/p>\n","protected":false},"excerpt":{"rendered":"<p>19 Eyl\u00fcl Gaziler G\u00fcn\u00fc dolay\u0131s\u0131yla Mardin\u2019de anlaml\u0131 bir program ger\u00e7ekle\u015ftirildi.<\/p>\n","protected":false},"author":1,"featured_media":110268,"comment_status":"open","ping_status":"open","sticky":false,"template":"","format":"standard","meta":{"footnotes":""},"categories":[3,4,9,18,30],"tags":[],"class_list":["post-110267","post","type-post","status-publish","format-standard","has-post-thumbnail","hentry","category-guncel","category-manset","category-mardin","category-toplumsal-yasam-gundem","category-ust-manset"],"_links":{"self":[{"href":"https:\/\/mardinhaberyolu.com\/index.php?rest_route=\/wp\/v2\/posts\/110267","targetHints":{"allow":["GET"]}}],"collection":[{"href":"https:\/\/mardinhaberyolu.com\/index.php?rest_route=\/wp\/v2\/posts"}],"about":[{"href":"https:\/\/mardinhaberyolu.com\/index.php?rest_route=\/wp\/v2\/types\/post"}],"author":[{"embeddable":true,"href":"https:\/\/mardinhaberyolu.com\/index.php?rest_route=\/wp\/v2\/users\/1"}],"replies":[{"embeddable":true,"href":"https:\/\/mardinhaberyolu.com\/index.php?rest_route=%2Fwp%2Fv2%2Fcomments&post=110267"}],"version-history":[{"count":1,"href":"https:\/\/mardinhaberyolu.com\/index.php?rest_route=\/wp\/v2\/posts\/110267\/revisions"}],"predecessor-version":[{"id":110274,"href":"https:\/\/mardinhaberyolu.com\/index.php?rest_route=\/wp\/v2\/posts\/110267\/revisions\/110274"}],"wp:featuredmedia":[{"embeddable":true,"href":"https:\/\/mardinhaberyolu.com\/index.php?rest_route=\/wp\/v2\/media\/110268"}],"wp:attachment":[{"href":"https:\/\/mardinhaberyolu.com\/index.php?rest_route=%2Fwp%2Fv2%2Fmedia&parent=110267"}],"wp:term":[{"taxonomy":"category","embeddable":true,"href":"https:\/\/mardinhaberyolu.com\/index.php?rest_route=%2Fwp%2Fv2%2Fcategories&post=110267"},{"taxonomy":"post_tag","embeddable":true,"href":"https:\/\/mardinhaberyolu.com\/index.php?rest_route=%2Fwp%2Fv2%2Ftags&post=110267"}],"curies":[{"name":"wp","href":"https:\/\/api.w.org\/{rel}","templated":true}]}}