{"id":110263,"date":"2025-09-19T17:42:25","date_gmt":"2025-09-19T17:42:25","guid":{"rendered":"https:\/\/mardinhaberyolu.com\/?p=110263"},"modified":"2025-09-19T17:42:25","modified_gmt":"2025-09-19T17:42:25","slug":"esbaskan-asya-gezer-kadinlarla-bulustu","status":"publish","type":"post","link":"https:\/\/mardinhaberyolu.com\/?p=110263","title":{"rendered":"E\u015fba\u015fkan Asya Gezer Kad\u0131nlarla Bulu\u015ftu"},"content":{"rendered":"<p>Toplant\u0131da mahalleli kad\u0131nlar\u0131n talep ve \u00f6nerilerini dinleyen Gezer, belediyenin \u00e7\u00f6z\u00fcm odakl\u0131 bir anlay\u0131\u015fla \u00e7al\u0131\u015fmalar\u0131n\u0131 s\u00fcrd\u00fcrd\u00fc\u011f\u00fcn\u00fc belirtti. Gezer ayr\u0131ca, kad\u0131nlar\u0131n sorun ve ihtiya\u00e7lar\u0131n\u0131 yerinde tespit etmek amac\u0131yla her mahallede d\u00fczenli bulu\u015fmalar ger\u00e7ekle\u015ftireceklerini ifade etti.<\/p>\n<p>B\u00fclten<\/p>\n","protected":false},"excerpt":{"rendered":"<p>Darge\u00e7it Belediye E\u015fba\u015fkan\u0131 Asya Gezer, kad\u0131n meclis \u00fcyeleri ve belediye kad\u0131n \u00e7al\u0131\u015fanlar\u0131yla birlikte kad\u0131nlarla bir araya geldi.<\/p>\n","protected":false},"author":1,"featured_media":110264,"comment_status":"open","ping_status":"open","sticky":false,"template":"","format":"standard","meta":{"footnotes":""},"categories":[3,4,9,18],"tags":[],"class_list":["post-110263","post","type-post","status-publish","format-standard","has-post-thumbnail","hentry","category-guncel","category-manset","category-mardin","category-toplumsal-yasam-gundem"],"_links":{"self":[{"href":"https:\/\/mardinhaberyolu.com\/index.php?rest_route=\/wp\/v2\/posts\/110263","targetHints":{"allow":["GET"]}}],"collection":[{"href":"https:\/\/mardinhaberyolu.com\/index.php?rest_route=\/wp\/v2\/posts"}],"about":[{"href":"https:\/\/mardinhaberyolu.com\/index.php?rest_route=\/wp\/v2\/types\/post"}],"author":[{"embeddable":true,"href":"https:\/\/mardinhaberyolu.com\/index.php?rest_route=\/wp\/v2\/users\/1"}],"replies":[{"embeddable":true,"href":"https:\/\/mardinhaberyolu.com\/index.php?rest_route=%2Fwp%2Fv2%2Fcomments&post=110263"}],"version-history":[{"count":1,"href":"https:\/\/mardinhaberyolu.com\/index.php?rest_route=\/wp\/v2\/posts\/110263\/revisions"}],"predecessor-version":[{"id":110265,"href":"https:\/\/mardinhaberyolu.com\/index.php?rest_route=\/wp\/v2\/posts\/110263\/revisions\/110265"}],"wp:featuredmedia":[{"embeddable":true,"href":"https:\/\/mardinhaberyolu.com\/index.php?rest_route=\/wp\/v2\/media\/110264"}],"wp:attachment":[{"href":"https:\/\/mardinhaberyolu.com\/index.php?rest_route=%2Fwp%2Fv2%2Fmedia&parent=110263"}],"wp:term":[{"taxonomy":"category","embeddable":true,"href":"https:\/\/mardinhaberyolu.com\/index.php?rest_route=%2Fwp%2Fv2%2Fcategories&post=110263"},{"taxonomy":"post_tag","embeddable":true,"href":"https:\/\/mardinhaberyolu.com\/index.php?rest_route=%2Fwp%2Fv2%2Ftags&post=110263"}],"curies":[{"name":"wp","href":"https:\/\/api.w.org\/{rel}","templated":true}]}}