{"id":110036,"date":"2025-09-07T19:37:03","date_gmt":"2025-09-07T19:37:03","guid":{"rendered":"https:\/\/mardinhaberyolu.com\/?p=110036"},"modified":"2025-09-07T19:37:03","modified_gmt":"2025-09-07T19:37:03","slug":"ravza-caddesinde-asfalt-calismalari-tamamlandi","status":"publish","type":"post","link":"https:\/\/mardinhaberyolu.com\/?p=110036","title":{"rendered":"Ravza Caddesinde Asfalt \u00c7al\u0131\u015fmalar\u0131 Tamamland\u0131"},"content":{"rendered":"<p>Mardin Valisi ve B\u00fcy\u00fck\u015fehir Belediye Ba\u015fkan Vekili Tuncay Akkoyun\u2019un talimat\u0131yla y\u00fcr\u00fct\u00fclen \u00e7al\u0131\u015fmalarda, MARSU, Fen \u0130\u015fleri, Ula\u015f\u0131m ile \u00c7evre Koruma ve Kontrol Daire Ba\u015fkanl\u0131klar\u0131 ekipleri gece g\u00fcnd\u00fcz yo\u011fun bir mesai harcad\u0131.<\/p>\n<p><img fetchpriority=\"high\" decoding=\"async\" class=\"alignnone size-medium wp-image-110038\" src=\"https:\/\/mardinhaberyolu.com\/wp-content\/uploads\/2025\/09\/IMG-20250907-WA0047-300x200.jpg\" alt=\"\" width=\"300\" height=\"200\" srcset=\"https:\/\/mardinhaberyolu.com\/wp-content\/uploads\/2025\/09\/IMG-20250907-WA0047-300x200.jpg 300w, https:\/\/mardinhaberyolu.com\/wp-content\/uploads\/2025\/09\/IMG-20250907-WA0047-1024x683.jpg 1024w, https:\/\/mardinhaberyolu.com\/wp-content\/uploads\/2025\/09\/IMG-20250907-WA0047-768x512.jpg 768w, https:\/\/mardinhaberyolu.com\/wp-content\/uploads\/2025\/09\/IMG-20250907-WA0047-1536x1024.jpg 1536w, https:\/\/mardinhaberyolu.com\/wp-content\/uploads\/2025\/09\/IMG-20250907-WA0047-2048x1365.jpg 2048w\" sizes=\"(max-width: 300px) 100vw, 300px\" \/><\/p>\n<p>Mardin B\u00fcy\u00fck\u015fehir Belediyesi Genel Sekreteri Kemalettin Sakin, \u00e7al\u0131\u015fmalar\u0131 gece saatlerinde yerinde inceledi. Ekiplerin koordineli \u015fekilde y\u00fcr\u00fctt\u00fc\u011f\u00fc \u00e7al\u0131\u015fmalar kapsam\u0131nda asfalt serimi, yol d\u00fczenleme ve yol \u00e7izgi i\u015flemleri k\u0131sa s\u00fcrede tamamland\u0131.<\/p>\n<p>B\u00fcy\u00fck\u015fehir Belediyesi, bu ak\u015fam itibar\u0131yla \u00e7al\u0131\u015fman\u0131n tamamen bitirildi\u011fini, gece yar\u0131s\u0131ndan itibaren ise Ravza Caddesinin her iki \u015feridinin trafi\u011fe a\u00e7\u0131k olaca\u011f\u0131n\u0131 duyurdu.<\/p>\n<p>\u00c7al\u0131\u015fmalar\u0131n ard\u0131ndan vatanda\u015flar memnuniyetlerini dile getirerek, uzun s\u00fcredir beklenen d\u00fczenlemenin h\u0131zl\u0131 bir \u015fekilde tamamlanmas\u0131ndan dolay\u0131 Mardin Valisi ve B\u00fcy\u00fck\u015fehir Belediye Ba\u015fkan Vekili Tuncay Akkoyun\u2019a ve eme\u011fi ge\u00e7en t\u00fcm B\u00fcy\u00fck\u015fehir belediyesi ekiplerine te\u015fekk\u00fcr etti.<\/p>\n<p><img decoding=\"async\" class=\"alignnone size-medium wp-image-110039\" src=\"https:\/\/mardinhaberyolu.com\/wp-content\/uploads\/2025\/09\/IMG-20250907-WA0045-300x200.jpg\" alt=\"\" width=\"300\" height=\"200\" srcset=\"https:\/\/mardinhaberyolu.com\/wp-content\/uploads\/2025\/09\/IMG-20250907-WA0045-300x200.jpg 300w, https:\/\/mardinhaberyolu.com\/wp-content\/uploads\/2025\/09\/IMG-20250907-WA0045-1024x683.jpg 1024w, https:\/\/mardinhaberyolu.com\/wp-content\/uploads\/2025\/09\/IMG-20250907-WA0045-768x512.jpg 768w, https:\/\/mardinhaberyolu.com\/wp-content\/uploads\/2025\/09\/IMG-20250907-WA0045-1536x1024.jpg 1536w, https:\/\/mardinhaberyolu.com\/wp-content\/uploads\/2025\/09\/IMG-20250907-WA0045-2048x1365.jpg 2048w\" sizes=\"(max-width: 300px) 100vw, 300px\" \/> <img decoding=\"async\" class=\"alignnone size-medium wp-image-110040\" src=\"https:\/\/mardinhaberyolu.com\/wp-content\/uploads\/2025\/09\/IMG-20250907-WA0043-300x200.jpg\" alt=\"\" width=\"300\" height=\"200\" srcset=\"https:\/\/mardinhaberyolu.com\/wp-content\/uploads\/2025\/09\/IMG-20250907-WA0043-300x200.jpg 300w, https:\/\/mardinhaberyolu.com\/wp-content\/uploads\/2025\/09\/IMG-20250907-WA0043-1024x683.jpg 1024w, https:\/\/mardinhaberyolu.com\/wp-content\/uploads\/2025\/09\/IMG-20250907-WA0043-768x512.jpg 768w, https:\/\/mardinhaberyolu.com\/wp-content\/uploads\/2025\/09\/IMG-20250907-WA0043-1536x1024.jpg 1536w, https:\/\/mardinhaberyolu.com\/wp-content\/uploads\/2025\/09\/IMG-20250907-WA0043-2048x1365.jpg 2048w\" sizes=\"(max-width: 300px) 100vw, 300px\" \/><\/p>\n<p>Edit\u00f6r\u00fc: Mardin Haberyolu<\/p>\n","protected":false},"excerpt":{"rendered":"<p>Mardin B\u00fcy\u00fck\u015fehir Belediyesi, Artuklu \u0130l\u00e7esinin en i\u015flek g\u00fczerg\u00e2hlar\u0131ndan biri olan Ravza Caddesinde ba\u015flatt\u0131\u011f\u0131 asfalt ve yol d\u00fczenleme \u00e7al\u0131\u015fmalar\u0131n\u0131 tamamlad\u0131.<\/p>\n","protected":false},"author":1,"featured_media":110037,"comment_status":"open","ping_status":"open","sticky":false,"template":"","format":"standard","meta":{"footnotes":""},"categories":[3,4,9,18,30,27],"tags":[],"class_list":["post-110036","post","type-post","status-publish","format-standard","has-post-thumbnail","hentry","category-guncel","category-manset","category-mardin","category-toplumsal-yasam-gundem","category-ust-manset","category-yerel-siyaset"],"_links":{"self":[{"href":"https:\/\/mardinhaberyolu.com\/index.php?rest_route=\/wp\/v2\/posts\/110036","targetHints":{"allow":["GET"]}}],"collection":[{"href":"https:\/\/mardinhaberyolu.com\/index.php?rest_route=\/wp\/v2\/posts"}],"about":[{"href":"https:\/\/mardinhaberyolu.com\/index.php?rest_route=\/wp\/v2\/types\/post"}],"author":[{"embeddable":true,"href":"https:\/\/mardinhaberyolu.com\/index.php?rest_route=\/wp\/v2\/users\/1"}],"replies":[{"embeddable":true,"href":"https:\/\/mardinhaberyolu.com\/index.php?rest_route=%2Fwp%2Fv2%2Fcomments&post=110036"}],"version-history":[{"count":1,"href":"https:\/\/mardinhaberyolu.com\/index.php?rest_route=\/wp\/v2\/posts\/110036\/revisions"}],"predecessor-version":[{"id":110041,"href":"https:\/\/mardinhaberyolu.com\/index.php?rest_route=\/wp\/v2\/posts\/110036\/revisions\/110041"}],"wp:featuredmedia":[{"embeddable":true,"href":"https:\/\/mardinhaberyolu.com\/index.php?rest_route=\/wp\/v2\/media\/110037"}],"wp:attachment":[{"href":"https:\/\/mardinhaberyolu.com\/index.php?rest_route=%2Fwp%2Fv2%2Fmedia&parent=110036"}],"wp:term":[{"taxonomy":"category","embeddable":true,"href":"https:\/\/mardinhaberyolu.com\/index.php?rest_route=%2Fwp%2Fv2%2Fcategories&post=110036"},{"taxonomy":"post_tag","embeddable":true,"href":"https:\/\/mardinhaberyolu.com\/index.php?rest_route=%2Fwp%2Fv2%2Ftags&post=110036"}],"curies":[{"name":"wp","href":"https:\/\/api.w.org\/{rel}","templated":true}]}}