{"id":109927,"date":"2025-08-30T08:48:41","date_gmt":"2025-08-30T08:48:41","guid":{"rendered":"https:\/\/mardinhaberyolu.com\/?p=109927"},"modified":"2025-08-30T08:48:41","modified_gmt":"2025-08-30T08:48:41","slug":"vali-akkoyun-muhtarlarla-istisare-toplantisi-duzenledi","status":"publish","type":"post","link":"https:\/\/mardinhaberyolu.com\/?p=109927","title":{"rendered":"Vali Akkoyun muhtarlarla isti\u015fare toplant\u0131s\u0131 d\u00fczenledi"},"content":{"rendered":"<p>Mardin \u00d6\u011fretmenevi\u2019nde d\u00fczenlenen toplant\u0131ya, Artuklu Kaymakam\u0131 Muhammet \u00d6ztabak, Vali Yard\u0131mc\u0131s\u0131 Mehmet Naim Akg\u00fcl, Mardin B\u00fcy\u00fck\u015fehir Belediyesi Genel Sekreter Vekili Ahmet Seydao\u011fullar\u0131, MARSU Genel M\u00fcd\u00fcr\u00fc Murat Er\u00e7in, Muhtarl\u0131k \u0130\u015fleri Daire Ba\u015fkan\u0131 Ahmet Tulga, Fen \u0130\u015fleri Daire Ba\u015fkan\u0131 Muhammed Ali G\u00fcnen\u00e7 ve Artuklu mahalle muhtarlar\u0131 kat\u0131ld\u0131.<\/p>\n<p>Toplant\u0131da muhtarlar s\u00f6z alarak mahallelerindeki sorun, talep ve \u00f6nerilerini dile getirdi. Vali Akkoyun, muhtarlar\u0131n iletti\u011fi konular\u0131 tek tek dinleyerek \u00e7\u00f6z\u00fcm i\u00e7in ilgili kurumlara ve daire ba\u015fkanlar\u0131na talimat verdi.<\/p>\n<p>G\u00f6r\u00fc\u015fmelerde ayr\u0131ca mahallelerde tamamlanan, devam eden ve planlanan yat\u0131r\u0131mlar, Sosyal Yard\u0131mla\u015fma ve Dayan\u0131\u015fma Vakf\u0131 yard\u0131mlar\u0131, Aile Y\u0131l\u0131 kapsam\u0131nda yap\u0131lacak \u00e7al\u0131\u015fmalar, taziye yemekleri ile ilgili kurallar ve an\u0131z yang\u0131nlar\u0131na kar\u015f\u0131 al\u0131nacak \u00f6nlemler de\u011ferlendirildi.<\/p>\n<p>Vali Akkoyun; &#8220;Hem\u015fehrilerimize h\u0131zl\u0131 ve kaliteli kamu hizmeti ula\u015ft\u0131rmak i\u00e7in \u00e7al\u0131\u015f\u0131yoruz&#8221;<\/p>\n<p>Toplant\u0131da muhtarlara hitap eden Vali Akkoyun; &#8220;Muhtarlar\u0131m\u0131z, vatanda\u015flar\u0131m\u0131z\u0131n ihtiya\u00e7 ve sorunlar\u0131n\u0131n \u00e7\u00f6z\u00fcm\u00fc i\u00e7in ilgili kurumlarla s\u00fcrekli ileti\u015fim halindesiniz. Sizlerin en \u00f6nemli g\u00f6revi, mahallenizin en \u00fccra k\u00f6\u015fesinde dahi olsa vatanda\u015flar\u0131m\u0131z\u0131n taleplerini bizlere ula\u015ft\u0131rmakt\u0131r. Bizler de h\u0131zl\u0131 ve kaliteli hizmeti hem\u015fehrilerimize sunmak i\u00e7in var g\u00fcc\u00fcm\u00fczle \u00e7al\u0131\u015f\u0131yoruz. Bu yaz d\u00f6neminde 400 kilometreden fazla yol \u00e7al\u0131\u015fmas\u0131 ger\u00e7ekle\u015ftirdik. MARSU\u2019nun elektrik \u015firketine olan 11 y\u0131ll\u0131k borcunu, hi\u00e7bir bankadan kredi kullanmadan, mali disiplin sayesinde kendi imk\u00e2nlar\u0131m\u0131zla \u00f6dedik. Ayr\u0131ca yeni su hatlar\u0131 \u00e7ekerek ve kurdu\u011fumuz depolarla Artuklu\u2019nun y\u0131llard\u0131r s\u00fcregelen su sorununu k\u00f6kl\u00fc bir \u015fekilde \u00e7\u00f6z\u00fcyoruz. \u0130tfaiye filomuzu, cenaze nakil ara\u00e7lar\u0131m\u0131z\u0131 ve asfalt makinelerimizi de yine kendi \u00f6z kaynaklar\u0131m\u0131zla g\u00fc\u00e7lendirdik. Mardinlilerin paras\u0131n\u0131, sadece Mardinlilere hizmet etmek i\u00e7in harc\u0131yoruz&#8221; ifadelerinde bulundu.<\/p>\n<p>Muhtarlar, kendilerini misafir eden, talep ve \u00f6nerilerini dinleyen Vali Akkoyun&#8217;a te\u015fekk\u00fcr ettiler.<\/p>\n<p><img fetchpriority=\"high\" decoding=\"async\" class=\"alignnone size-medium wp-image-109929\" src=\"https:\/\/mardinhaberyolu.com\/wp-content\/uploads\/2025\/08\/IMG-20250829-WA0068-300x188.jpg\" alt=\"\" width=\"300\" height=\"188\" srcset=\"https:\/\/mardinhaberyolu.com\/wp-content\/uploads\/2025\/08\/IMG-20250829-WA0068-300x188.jpg 300w, https:\/\/mardinhaberyolu.com\/wp-content\/uploads\/2025\/08\/IMG-20250829-WA0068-1024x641.jpg 1024w, https:\/\/mardinhaberyolu.com\/wp-content\/uploads\/2025\/08\/IMG-20250829-WA0068-768x481.jpg 768w, https:\/\/mardinhaberyolu.com\/wp-content\/uploads\/2025\/08\/IMG-20250829-WA0068-1536x962.jpg 1536w, https:\/\/mardinhaberyolu.com\/wp-content\/uploads\/2025\/08\/IMG-20250829-WA0068-2048x1282.jpg 2048w\" sizes=\"(max-width: 300px) 100vw, 300px\" \/><\/p>\n<p>Mardin Haberyolu<\/p>\n","protected":false},"excerpt":{"rendered":"<p>Mardin Valisi ve B\u00fcy\u00fck\u015fehir Belediye Ba\u015fkan Vekili Tuncay Akkoyun ba\u015fkanl\u0131\u011f\u0131nda Artuklu il\u00e7esindeki mahalle muhtarlar\u0131yla isti\u015fare toplant\u0131s\u0131 ger\u00e7ekle\u015ftirildi.<\/p>\n","protected":false},"author":1,"featured_media":109928,"comment_status":"open","ping_status":"open","sticky":false,"template":"","format":"standard","meta":{"footnotes":""},"categories":[3,11,4,18,30],"tags":[],"class_list":["post-109927","post","type-post","status-publish","format-standard","has-post-thumbnail","hentry","category-guncel","category-kultur-sanat","category-manset","category-toplumsal-yasam-gundem","category-ust-manset"],"_links":{"self":[{"href":"https:\/\/mardinhaberyolu.com\/index.php?rest_route=\/wp\/v2\/posts\/109927","targetHints":{"allow":["GET"]}}],"collection":[{"href":"https:\/\/mardinhaberyolu.com\/index.php?rest_route=\/wp\/v2\/posts"}],"about":[{"href":"https:\/\/mardinhaberyolu.com\/index.php?rest_route=\/wp\/v2\/types\/post"}],"author":[{"embeddable":true,"href":"https:\/\/mardinhaberyolu.com\/index.php?rest_route=\/wp\/v2\/users\/1"}],"replies":[{"embeddable":true,"href":"https:\/\/mardinhaberyolu.com\/index.php?rest_route=%2Fwp%2Fv2%2Fcomments&post=109927"}],"version-history":[{"count":1,"href":"https:\/\/mardinhaberyolu.com\/index.php?rest_route=\/wp\/v2\/posts\/109927\/revisions"}],"predecessor-version":[{"id":109930,"href":"https:\/\/mardinhaberyolu.com\/index.php?rest_route=\/wp\/v2\/posts\/109927\/revisions\/109930"}],"wp:featuredmedia":[{"embeddable":true,"href":"https:\/\/mardinhaberyolu.com\/index.php?rest_route=\/wp\/v2\/media\/109928"}],"wp:attachment":[{"href":"https:\/\/mardinhaberyolu.com\/index.php?rest_route=%2Fwp%2Fv2%2Fmedia&parent=109927"}],"wp:term":[{"taxonomy":"category","embeddable":true,"href":"https:\/\/mardinhaberyolu.com\/index.php?rest_route=%2Fwp%2Fv2%2Fcategories&post=109927"},{"taxonomy":"post_tag","embeddable":true,"href":"https:\/\/mardinhaberyolu.com\/index.php?rest_route=%2Fwp%2Fv2%2Ftags&post=109927"}],"curies":[{"name":"wp","href":"https:\/\/api.w.org\/{rel}","templated":true}]}}