{"id":108279,"date":"2025-05-27T06:53:57","date_gmt":"2025-05-27T06:53:57","guid":{"rendered":"https:\/\/mardinhaberyolu.com\/?p=108279"},"modified":"2025-05-27T06:53:57","modified_gmt":"2025-05-27T06:53:57","slug":"artuklu-ilce-milli-egitim-muduru-duyandan-lgs-hazirlik-ziyareti","status":"publish","type":"post","link":"https:\/\/mardinhaberyolu.com\/?p=108279","title":{"rendered":"Artuklu \u0130l\u00e7e Milli E\u011fitim M\u00fcd\u00fcr\u00fc Duyan\u2019dan LGS Haz\u0131rl\u0131k Ziyareti"},"content":{"rendered":"<div class=\"news-para\">\n<p data-start=\"299\" data-end=\"493\">Ziyarette; okul idarecileri, rehber \u00f6\u011fretmenleri ve bran\u015f \u00f6\u011fretmenleriyle bir araya gelen Duyan, yakla\u015fan Liselere Ge\u00e7i\u015f S\u0131nav\u0131\u2019na y\u00f6nelik y\u00fcr\u00fct\u00fclen \u00e7al\u0131\u015fmalar hakk\u0131nda bilgi ald\u0131. Toplant\u0131da;<\/p>\n<ul data-start=\"494\" data-end=\"643\">\n<li data-start=\"494\" data-end=\"540\">\n<p data-start=\"496\" data-end=\"540\"><strong data-start=\"496\" data-end=\"537\">Ders takvimi ve ek destek programlar\u0131<\/strong>,<\/p>\n<\/li>\n<li data-start=\"541\" data-end=\"597\">\n<p data-start=\"543\" data-end=\"597\"><strong data-start=\"543\" data-end=\"594\">Psikolojik dan\u0131\u015fmanl\u0131k ve motivasyon dersleri<\/strong>,<\/p>\n<\/li>\n<li data-start=\"598\" data-end=\"643\">\n<p data-start=\"600\" data-end=\"643\"><strong data-start=\"600\" data-end=\"641\">Deneme s\u0131navlar\u0131n\u0131n de\u011ferlendirilmesi<\/strong><\/p>\n<\/li>\n<\/ul>\n<p data-start=\"645\" data-end=\"677\">gibi konular masaya yat\u0131r\u0131ld\u0131.<\/p>\n<p data-start=\"679\" data-end=\"743\">Duyan, \u00f6\u011fretmenlere hitaben yapt\u0131\u011f\u0131 konu\u015fmada \u015funlar\u0131 s\u00f6yledi:<\/p>\n<p data-start=\"746\" data-end=\"951\">\u201cLGS, \u00f6\u011frencilerimizin yaln\u0131zca akademik de\u011fil, ayn\u0131 zamanda duygusal dayan\u0131kl\u0131l\u0131klar\u0131n\u0131 da s\u0131nayan bir s\u00fcre\u00e7. Onlar\u0131 en iyi \u015fekilde motive etmek ve gerekli destekleri sa\u011flamak bizim \u00f6nceli\u011fimiz olmal\u0131.\u201d<\/p>\n<p data-start=\"953\" data-end=\"1229\">Rehber \u00f6\u011fretmenler ise haz\u0131rl\u0131k s\u00fcrecinde \u00f6\u011frencilerin heyecan ve kayg\u0131 d\u00fczeylerini y\u00f6netmek i\u00e7in uygulad\u0131klar\u0131 y\u00f6ntemleri payla\u015ft\u0131. Bran\u015f \u00f6\u011fretmenleri de m\u00fcfredat\u0131n yeterli i\u015flenebilmesi ve eksik konular\u0131n kapanmas\u0131 ad\u0131na okullar aras\u0131 i\u015fbirliklerinin \u00f6nemine dikkat \u00e7ekti.<\/p>\n<p data-start=\"1231\" data-end=\"1540\" data-is-last-node=\"\" data-is-only-node=\"\">Ziyaretin sonunda Duyan, eme\u011fi ge\u00e7en t\u00fcm idareci ve \u00f6\u011fretmenlere te\u015fekk\u00fcr ederek, \u201cSizlerin \u00f6zverili \u00e7al\u0131\u015fmalar\u0131n\u0131z, \u00e7ocuklar\u0131m\u0131z\u0131n gelece\u011fine at\u0131lan en sa\u011flam ad\u0131md\u0131r\u201d dedi.<\/p>\n<figure class=\"col-lg-6 col-md-6 col-12\"><img decoding=\"async\" class=\"img-thumbnail img-fluid\" src=\"https:\/\/www.mardinlife.com\/uploads\/2025\/05\/1afa134da5ea93fba449e5e543a5ae8a.png\" alt=\"Image description\" \/><\/figure>\n<figure class=\"col-lg-6 col-md-6 col-12\">\u00a0<a href=\"https:\/\/www.mardinlife.com\/editor\/gulten-akgul\">G\u00fclten Akg\u00fcl- Mardin Life<\/a><\/figure>\n<\/div>\n","protected":false},"excerpt":{"rendered":"<p>Artuklu \u0130l\u00e7e Milli E\u011fitim M\u00fcd\u00fcr\u00fc Mehmet Emin Duyan, LGS haz\u0131rl\u0131k s\u00fcrecini yerinde takip etmek ve \u00f6\u011fretmenlerle fikir al\u0131\u015fveri\u015finde bulunmak \u00fczere \u015eehit U\u011fur Palanc\u0131 Ortaokulu\u2019nu ziyaret etti.<\/p>\n","protected":false},"author":1,"featured_media":108280,"comment_status":"open","ping_status":"open","sticky":false,"template":"","format":"standard","meta":{"footnotes":""},"categories":[16,4,9],"tags":[],"class_list":["post-108279","post","type-post","status-publish","format-standard","has-post-thumbnail","hentry","category-egitim","category-manset","category-mardin"],"_links":{"self":[{"href":"https:\/\/mardinhaberyolu.com\/index.php?rest_route=\/wp\/v2\/posts\/108279","targetHints":{"allow":["GET"]}}],"collection":[{"href":"https:\/\/mardinhaberyolu.com\/index.php?rest_route=\/wp\/v2\/posts"}],"about":[{"href":"https:\/\/mardinhaberyolu.com\/index.php?rest_route=\/wp\/v2\/types\/post"}],"author":[{"embeddable":true,"href":"https:\/\/mardinhaberyolu.com\/index.php?rest_route=\/wp\/v2\/users\/1"}],"replies":[{"embeddable":true,"href":"https:\/\/mardinhaberyolu.com\/index.php?rest_route=%2Fwp%2Fv2%2Fcomments&post=108279"}],"version-history":[{"count":1,"href":"https:\/\/mardinhaberyolu.com\/index.php?rest_route=\/wp\/v2\/posts\/108279\/revisions"}],"predecessor-version":[{"id":108281,"href":"https:\/\/mardinhaberyolu.com\/index.php?rest_route=\/wp\/v2\/posts\/108279\/revisions\/108281"}],"wp:featuredmedia":[{"embeddable":true,"href":"https:\/\/mardinhaberyolu.com\/index.php?rest_route=\/wp\/v2\/media\/108280"}],"wp:attachment":[{"href":"https:\/\/mardinhaberyolu.com\/index.php?rest_route=%2Fwp%2Fv2%2Fmedia&parent=108279"}],"wp:term":[{"taxonomy":"category","embeddable":true,"href":"https:\/\/mardinhaberyolu.com\/index.php?rest_route=%2Fwp%2Fv2%2Fcategories&post=108279"},{"taxonomy":"post_tag","embeddable":true,"href":"https:\/\/mardinhaberyolu.com\/index.php?rest_route=%2Fwp%2Fv2%2Ftags&post=108279"}],"curies":[{"name":"wp","href":"https:\/\/api.w.org\/{rel}","templated":true}]}}