{"id":107887,"date":"2025-05-09T12:04:53","date_gmt":"2025-05-09T12:04:53","guid":{"rendered":"https:\/\/mardinhaberyolu.com\/?p=107887"},"modified":"2025-05-09T12:04:53","modified_gmt":"2025-05-09T12:04:53","slug":"mardin-buyuksehir-belediyesinden-engelli-ve-yaslilara-tam-destek","status":"publish","type":"post","link":"https:\/\/mardinhaberyolu.com\/?p=107887","title":{"rendered":"Mardin B\u00fcy\u00fck\u015fehir Belediyesi\u2019nden Engelli ve Ya\u015fl\u0131lara Tam Destek"},"content":{"rendered":"<p>Engelli ve Ya\u015fl\u0131 Hizmetleri Daire Ba\u015fkanl\u0131\u011f\u0131 b\u00fcnyesinde y\u00fcr\u00fct\u00fclen hizmetler kapsam\u0131nda, ihtiya\u00e7 sahibi vatanda\u015flara \u00e7e\u015fitli medikal destekler ula\u015ft\u0131r\u0131l\u0131yor. Belediyenin sosyal destek program\u0131 \u00e7er\u00e7evesinde \u015fimdiye kadar bir\u00e7ok engelli ve ya\u015fl\u0131ya hasta yata\u011f\u0131, ak\u00fcl\u00fc ve manuel tekerlekli sandalye, y\u00fcr\u00fcte\u00e7, WC sandalyesi, hasta bezi, tansiyon ve \u015feker \u00f6l\u00e7\u00fcm cihazlar\u0131, haval\u0131 yatak ve buhar cihaz\u0131 gibi medikal \u00fcr\u00fcnler temin edildi.<\/p>\n<p>Engelli ve ya\u015fl\u0131 vatanda\u015flar\u0131n g\u00fcnl\u00fck ya\u015famlar\u0131n\u0131 kolayla\u015ft\u0131rmay\u0131 ve toplumsal hayata daha aktif \u015fekilde kat\u0131lmalar\u0131n\u0131 ama\u00e7layan bu hizmetlerle, belediye sosyal belediyecilik anlay\u0131\u015f\u0131n\u0131 bir kez daha ortaya koydu.<\/p>\n<p>Mardin B\u00fcy\u00fck\u015fehir Belediyesi yetkilileri, \u201cEngelli ve ya\u015fl\u0131 hem\u015fehrilerimizin her zaman yan\u0131nday\u0131z. Onlar\u0131n ihtiya\u00e7lar\u0131n\u0131 kar\u015f\u0131lamak, hayatlar\u0131n\u0131 kolayla\u015ft\u0131rmak ve onlar\u0131 yaln\u0131z b\u0131rakmamak bizim en b\u00fcy\u00fck sorumlulu\u011fumuz\u201d a\u00e7\u0131klamas\u0131nda bulundu.<\/p>\n<p><img fetchpriority=\"high\" decoding=\"async\" class=\"alignnone size-medium wp-image-107889\" src=\"https:\/\/mardinhaberyolu.com\/wp-content\/uploads\/2025\/05\/E2-300x225.jpg\" alt=\"\" width=\"300\" height=\"225\" srcset=\"https:\/\/mardinhaberyolu.com\/wp-content\/uploads\/2025\/05\/E2-300x225.jpg 300w, https:\/\/mardinhaberyolu.com\/wp-content\/uploads\/2025\/05\/E2-1024x768.jpg 1024w, https:\/\/mardinhaberyolu.com\/wp-content\/uploads\/2025\/05\/E2-768x576.jpg 768w, https:\/\/mardinhaberyolu.com\/wp-content\/uploads\/2025\/05\/E2-1536x1152.jpg 1536w, https:\/\/mardinhaberyolu.com\/wp-content\/uploads\/2025\/05\/E2-2048x1536.jpg 2048w\" sizes=\"(max-width: 300px) 100vw, 300px\" \/><\/p>\n<p>Edit\u00f6r\u00fc: Mardin Haberyolu<\/p>\n","protected":false},"excerpt":{"rendered":"<p>Mardin B\u00fcy\u00fck\u015fehir Belediyesi, \u015fehir genelindeki 10 il\u00e7ede ya\u015fayan engelli ve ya\u015fl\u0131 vatanda\u015flar\u0131n ya\u015fam kalitesini art\u0131rmak ve sosyal hayata kat\u0131l\u0131mlar\u0131n\u0131 desteklemek amac\u0131yla \u00e7al\u0131\u015fmalar\u0131n\u0131 aral\u0131ks\u0131z s\u00fcrd\u00fcr\u00fcyor.<\/p>\n","protected":false},"author":1,"featured_media":107888,"comment_status":"open","ping_status":"open","sticky":false,"template":"","format":"standard","meta":{"footnotes":""},"categories":[3,9,19,18,30],"tags":[],"class_list":["post-107887","post","type-post","status-publish","format-standard","has-post-thumbnail","hentry","category-guncel","category-mardin","category-saglik","category-toplumsal-yasam-gundem","category-ust-manset"],"_links":{"self":[{"href":"https:\/\/mardinhaberyolu.com\/index.php?rest_route=\/wp\/v2\/posts\/107887","targetHints":{"allow":["GET"]}}],"collection":[{"href":"https:\/\/mardinhaberyolu.com\/index.php?rest_route=\/wp\/v2\/posts"}],"about":[{"href":"https:\/\/mardinhaberyolu.com\/index.php?rest_route=\/wp\/v2\/types\/post"}],"author":[{"embeddable":true,"href":"https:\/\/mardinhaberyolu.com\/index.php?rest_route=\/wp\/v2\/users\/1"}],"replies":[{"embeddable":true,"href":"https:\/\/mardinhaberyolu.com\/index.php?rest_route=%2Fwp%2Fv2%2Fcomments&post=107887"}],"version-history":[{"count":1,"href":"https:\/\/mardinhaberyolu.com\/index.php?rest_route=\/wp\/v2\/posts\/107887\/revisions"}],"predecessor-version":[{"id":107890,"href":"https:\/\/mardinhaberyolu.com\/index.php?rest_route=\/wp\/v2\/posts\/107887\/revisions\/107890"}],"wp:featuredmedia":[{"embeddable":true,"href":"https:\/\/mardinhaberyolu.com\/index.php?rest_route=\/wp\/v2\/media\/107888"}],"wp:attachment":[{"href":"https:\/\/mardinhaberyolu.com\/index.php?rest_route=%2Fwp%2Fv2%2Fmedia&parent=107887"}],"wp:term":[{"taxonomy":"category","embeddable":true,"href":"https:\/\/mardinhaberyolu.com\/index.php?rest_route=%2Fwp%2Fv2%2Fcategories&post=107887"},{"taxonomy":"post_tag","embeddable":true,"href":"https:\/\/mardinhaberyolu.com\/index.php?rest_route=%2Fwp%2Fv2%2Ftags&post=107887"}],"curies":[{"name":"wp","href":"https:\/\/api.w.org\/{rel}","templated":true}]}}