{"id":107882,"date":"2025-05-09T10:52:37","date_gmt":"2025-05-09T10:52:37","guid":{"rendered":"https:\/\/mardinhaberyolu.com\/?p=107882"},"modified":"2025-05-09T10:52:37","modified_gmt":"2025-05-09T10:52:37","slug":"mau-ogrencilerinden-gercegi-aratmayan-saglik-tatbikati","status":"publish","type":"post","link":"https:\/\/mardinhaberyolu.com\/?p=107882","title":{"rendered":"MA\u00dc \u00d6\u011frencilerinden Ger\u00e7e\u011fi Aratmayan Sa\u011fl\u0131k Tatbikat\u0131"},"content":{"rendered":"<p>Sa\u011fl\u0131k Hizmetleri Meslek Y\u00fcksekokulu \u00f6\u011frencileri, ilk ve acil yard\u0131m program\u0131 kapsam\u0131nda, Sa\u011fl\u0131k M\u00fcd\u00fcrl\u00fc\u011f\u00fc (UMKE ve 112 ekipleri), AFAD, itfaiye, K\u0131z\u0131lay, \u0130l Emniyet M\u00fcd\u00fcrl\u00fc\u011f\u00fc ve \u0130l Jandarma\u00a0 M\u00fcd\u00fcrl\u00fc\u011f\u00fc ekipleriyle bir araya gelerek ger\u00e7e\u011fi aratmayan bir senaryo ger\u00e7ekle\u015ftirdiler.<\/p>\n<p>Tatbikat etkinli\u011fine, MA\u00dc Sa\u011fl\u0131k Bilimleri Dekan\u0131 ve Rekt\u00f6r Yrd. Prof. Dr. Re\u015fit Y\u0131ld\u0131z, MA\u00dc Genel Sekreteri Ey\u00fcp Birkan,\u00a0 Sa\u011fl\u0131k Hizmetleri MYO \u00d6\u011fr. G\u00f6r. Murat ERTEN, \u0130l AFAD M\u00fcd\u00fcr\u00fc Mehmet D\u00f6nmez, Mardin \u0130l Sa\u011fl\u0131k M\u00fcd\u00fcrl\u00fc\u011f\u00fc Sa\u011fl\u0131k Hizmetleri Daire Ba\u015fkan\u0131 Ramazan Demir, Mardin\u00a0 \u0130l Emniyet M\u00fcd\u00fcr\u00fc ve \u0130l Jandarma M\u00fcd\u00fcrl\u00fc\u011f\u00fc ekipleri, MA\u00dc akademisyenleri ve \u00f6\u011frencileri kat\u0131ld\u0131.<\/p>\n<p>E\u011fitim alanlar\u0131n\u0131 bir saha deneyimine d\u00f6n\u00fc\u015ft\u00fcren \u00f6\u011frenciler, Sa\u011fl\u0131k Hizmetleri MYO binas\u0131n\u0131n 3. kat\u0131nda nedeni bilinmeyen bir patlama ve ya\u015fanan patlama ile olu\u015fan bir kaos ortam\u0131 senaryolar\u0131n\u0131 ba\u015far\u0131yla canland\u0131rd\u0131lar. Yaral\u0131lar\u0131n profesyonel makyaj ile haz\u0131rland\u0131\u011f\u0131 ve olay yerindeki panik havas\u0131n\u0131n do\u011fal bir \u015fekilde yans\u0131t\u0131ld\u0131\u011f\u0131 tatbikat, kat\u0131l\u0131mc\u0131lar aras\u0131nda b\u00fcy\u00fck bir heyecan ve etkile\u015fim yaratt\u0131.<\/p>\n<p>KKM\u00a0 taraf\u0131ndan b\u00f6lgeye AFAD itfaiye ve ambulans ekipleri sevk edildi. Tatbikatta ilk m\u00fcdahaleyi ger\u00e7ekle\u015ftiren itfaiye ekipleri, h\u0131zla yang\u0131n\u0131 kontrol alt\u0131na al\u0131rken, AFAD ve UMKE ekipleri birlikte tahliye \u00e7al\u0131\u015fmalar\u0131na ba\u015flad\u0131lar. AFAD&#8217;\u0131n halatlarla yaral\u0131lar\u0131 tahliye etme manevralar\u0131, izleyenleri adeta b\u00fcy\u00fcledi. Ard\u0131ndan, UMKE ve 112 ekipleri, yaral\u0131lara an\u0131nda m\u00fcdahale ederek olay yerindeki acil m\u00fcdahale \u00e7ad\u0131r\u0131na ta\u015f\u0131nmalar\u0131n\u0131 sa\u011flad\u0131lar. Olay yerine\u00a0 getirilen arama kurtarma k\u00f6pe\u011fi taraf\u0131ndan alan taramas\u0131 yap\u0131larak, patlama ile park alan\u0131na savrulan\u00a0 2 yaral\u0131ya ula\u015fan UMKE ekipleri yaral\u0131lar\u0131n tahliye edilmesini sa\u011flad\u0131lar.<\/p>\n<p>Tatbikat\u0131n sonunda, Rekt\u00f6r Yard\u0131mc\u0131s\u0131 Prof. Dr. Re\u015fit YILDIZ \u00f6\u011frencilerin g\u00f6sterdi\u011fi \u00fcst\u00fcn performans\u0131 ve etkileyici koordinasyonu takdir ederek k\u0131sa bir konu\u015fma ger\u00e7ekle\u015ftirdi.<\/p>\n<p>Prof. Dr. Re\u015fit YILDIZ: &#8221; Bug\u00fcn ger\u00e7ekle\u015ftirdi\u011fimiz tatbikat, sadece \u00f6\u011frencilerimizin e\u011fitim s\u00fcrecine de\u011fil, ayn\u0131 zamanda toplumun acil durumlara haz\u0131rl\u0131kl\u0131 olmas\u0131na da katk\u0131 sa\u011flayacak \u00f6nemli bir ad\u0131md\u0131. 6 \u015eubat&#8217;taki Kahramanmara\u015f depreminde AFAD, UMKE ve sa\u011fl\u0131k \u00e7al\u0131\u015fanlar\u0131n\u0131n \u00fcstlendi\u011fi hayati rol, acil durumlara haz\u0131rl\u0131k ve etkili m\u00fcdahalede ne denli kritik oldu\u011funa daha \u00f6nce de \u015fahit olmu\u015ftuk. Bu \u00f6nemli birlikteli\u011fin ve koordinasyonun \u00f6nemini bir kez daha vurguluyor. Bu t\u00fcr etkinlikler, toplumun acil durumlara kar\u015f\u0131 bilin\u00e7lenmesine ve etkili bir \u015fekilde tepki vermesine yard\u0131mc\u0131 olacak niteliktedir. \u00d6\u011frencilerimizin tatbikatta g\u00f6stermi\u015f oldu\u011fu performanstan gurur ve onur duyduk. Bilin\u00e7li ve etkili m\u00fcdahaleleri, bizleri son derece mutlu etti. G\u00f6sterdikleri ba\u015far\u0131, gelece\u011fin sa\u011fl\u0131k profesyonellerinin ne kadar yetkin ve haz\u0131r oldu\u011funu bir kez daha g\u00f6sterdi. &#8221;<\/p>\n<p>Bu tarz tatbikatlar\u0131n ekiplerin operasyon kabiliyetini ve olaylara m\u00fcdahale reflekslerini geli\u015ftirmek ad\u0131na \u00e7ok k\u0131ymetli oldu\u011funu ifade eden Y\u0131ld\u0131z,\u00a0 \u201cTatbikatlar ya\u015fanm\u0131\u015f afet ve olaylar\u0131n g\u00f6rselle\u015ftirilmesi oldu\u011fu ger\u00e7e\u011finden hareketle gen\u00e7 \u00f6\u011frencilerin bu ger\u00e7eklikle y\u00fczle\u015fmelerine b\u00fcy\u00fck katk\u0131 sa\u011flamaktad\u0131r. Tatbikat\u0131m\u0131z\u0131n ba\u015far\u0131l\u0131 bir \u015fekilde sonu\u00e7lanmas\u0131ndan ve \u00f6\u011frencilerimize deneyim kazanmalar\u0131na vesile olan t\u00fcm payda\u015flar\u0131m\u0131z ile ekiplerimize ve bu tatbikat\u0131 d\u00fczenleyen \u00fcniversitemizin de\u011ferli hocalar\u0131na \u015f\u00fckranlar\u0131m\u0131 sunuyorum.\u2019\u2019 dedi.<\/p>\n<p><img fetchpriority=\"high\" decoding=\"async\" class=\"alignnone size-medium wp-image-107884\" src=\"https:\/\/mardinhaberyolu.com\/wp-content\/uploads\/2025\/05\/T2-1-300x199.jpg\" alt=\"\" width=\"300\" height=\"199\" srcset=\"https:\/\/mardinhaberyolu.com\/wp-content\/uploads\/2025\/05\/T2-1-300x199.jpg 300w, https:\/\/mardinhaberyolu.com\/wp-content\/uploads\/2025\/05\/T2-1-1024x680.jpg 1024w, https:\/\/mardinhaberyolu.com\/wp-content\/uploads\/2025\/05\/T2-1-768x510.jpg 768w, https:\/\/mardinhaberyolu.com\/wp-content\/uploads\/2025\/05\/T2-1.jpg 1280w\" sizes=\"(max-width: 300px) 100vw, 300px\" \/><\/p>\n<p>Edit\u00f6r\u00fc: Mardin Haberyolu<\/p>\n","protected":false},"excerpt":{"rendered":"<p>Mardin Artuklu \u00dcniversitesi Sa\u011fl\u0131k Hizmetleri MYO ad\u0131na, dan\u0131\u015fmal\u0131\u011f\u0131n\u0131 \u00d6\u011fr. G\u00f6r. Murat ERTEN\u2019in yapt\u0131\u011f\u0131 \u0130lkyard\u0131mc\u0131lar \u00d6\u011frenci Toplulu\u011fu taraf\u0131ndan organize edilen, sa\u011fl\u0131k alan\u0131nda yetkinliklerini ve koordinasyon becerilerini sergiledikleri b\u00fcy\u00fck \u00e7apl\u0131 bir tatbikat ile dikkatleri \u00fczerlerine \u00e7ekti. <\/p>\n","protected":false},"author":1,"featured_media":107883,"comment_status":"open","ping_status":"open","sticky":false,"template":"","format":"standard","meta":{"footnotes":""},"categories":[16,4,9,19],"tags":[],"class_list":["post-107882","post","type-post","status-publish","format-standard","has-post-thumbnail","hentry","category-egitim","category-manset","category-mardin","category-saglik"],"_links":{"self":[{"href":"https:\/\/mardinhaberyolu.com\/index.php?rest_route=\/wp\/v2\/posts\/107882","targetHints":{"allow":["GET"]}}],"collection":[{"href":"https:\/\/mardinhaberyolu.com\/index.php?rest_route=\/wp\/v2\/posts"}],"about":[{"href":"https:\/\/mardinhaberyolu.com\/index.php?rest_route=\/wp\/v2\/types\/post"}],"author":[{"embeddable":true,"href":"https:\/\/mardinhaberyolu.com\/index.php?rest_route=\/wp\/v2\/users\/1"}],"replies":[{"embeddable":true,"href":"https:\/\/mardinhaberyolu.com\/index.php?rest_route=%2Fwp%2Fv2%2Fcomments&post=107882"}],"version-history":[{"count":1,"href":"https:\/\/mardinhaberyolu.com\/index.php?rest_route=\/wp\/v2\/posts\/107882\/revisions"}],"predecessor-version":[{"id":107885,"href":"https:\/\/mardinhaberyolu.com\/index.php?rest_route=\/wp\/v2\/posts\/107882\/revisions\/107885"}],"wp:featuredmedia":[{"embeddable":true,"href":"https:\/\/mardinhaberyolu.com\/index.php?rest_route=\/wp\/v2\/media\/107883"}],"wp:attachment":[{"href":"https:\/\/mardinhaberyolu.com\/index.php?rest_route=%2Fwp%2Fv2%2Fmedia&parent=107882"}],"wp:term":[{"taxonomy":"category","embeddable":true,"href":"https:\/\/mardinhaberyolu.com\/index.php?rest_route=%2Fwp%2Fv2%2Fcategories&post=107882"},{"taxonomy":"post_tag","embeddable":true,"href":"https:\/\/mardinhaberyolu.com\/index.php?rest_route=%2Fwp%2Fv2%2Ftags&post=107882"}],"curies":[{"name":"wp","href":"https:\/\/api.w.org\/{rel}","templated":true}]}}