{"id":107766,"date":"2025-05-03T11:32:48","date_gmt":"2025-05-03T11:32:48","guid":{"rendered":"https:\/\/mardinhaberyolu.com\/?p=107766"},"modified":"2025-05-03T11:32:48","modified_gmt":"2025-05-03T11:32:48","slug":"107766","status":"publish","type":"post","link":"https:\/\/mardinhaberyolu.com\/?p=107766","title":{"rendered":""},"content":{"rendered":"<p>Sa\u011fl\u0131k Bakanl\u0131\u011f\u0131 taraf\u0131ndan ger\u00e7ekle\u015ftirilen 122. D\u00f6nem Devlet Hizmet Y\u00fck\u00fcml\u00fcl\u00fc\u011f\u00fc (DHY) kuras\u0131 sonu\u00e7lar\u0131na g\u00f6re, Mardin ve il\u00e7elerindeki sa\u011fl\u0131k hizmetlerine \u00f6nemli katk\u0131 sa\u011flayacak yeni atamalar yap\u0131ld\u0131. Kura sonucunda 6 pratisyen hekim ve 18 uzman hekim olmak \u00fczere toplam 24 hekim, il genelindeki hastane ve sa\u011fl\u0131k tesislerine atand\u0131.<\/p>\n<p>Atamas\u0131 yap\u0131lan uzman hekimler, \u00e7e\u015fitli bran\u015flarda g\u00f6rev yaparak Mardin\u2019in sa\u011fl\u0131k alan\u0131ndaki uzman a\u00e7\u0131\u011f\u0131n\u0131 kapatacak. Pratisyen hekimler ise birinci basamak sa\u011fl\u0131k hizmetlerinde vatanda\u015flara daha h\u0131zl\u0131 ve etkin sa\u011fl\u0131k hizmeti sunacak.<\/p>\n<p>Bunun yan\u0131 s\u0131ra, sa\u011fl\u0131k hizmetlerinin kalitesini art\u0131rmak ve vatanda\u015flara daha kapsaml\u0131 hizmet sunmak amac\u0131yla; 38 Lisans mezunu yard\u0131mc\u0131 sa\u011fl\u0131k personeli, 7 \u00d6nlisans mezunu yard\u0131mc\u0131 sa\u011fl\u0131k personeli, 5 Orta\u00f6\u011fretim mezunu yard\u0131mc\u0131 sa\u011fl\u0131k personeli olmak \u00fczere toplam 50 yard\u0131mc\u0131 personelin al\u0131m\u0131 da ger\u00e7ekle\u015ftirilecek.<\/p>\n<p>Mardin\u2019in sa\u011fl\u0131k altyap\u0131s\u0131na \u00f6nemli katk\u0131<\/p>\n<p>Bu atamalarla birlikte Mardin\u2019de sa\u011fl\u0131k hizmetlerinin hem insan kayna\u011f\u0131 hem de hizmet kapasitesi bak\u0131m\u0131ndan \u00f6nemli \u00f6l\u00e7\u00fcde g\u00fc\u00e7lenmesi bekleniyor. \u00d6zellikle k\u0131rsal b\u00f6lgeler ve il\u00e7elerde sa\u011fl\u0131k personeli eksikli\u011fi ya\u015fayan birimlerde g\u00f6revlendirilecek yeni hekim ve yard\u0131mc\u0131 personeller, vatanda\u015flar\u0131n sa\u011fl\u0131k hizmetlerine eri\u015fimini kolayla\u015ft\u0131racak.<\/p>\n<p>\u0130l Ba\u015fkan\u0131 Mehmet Uncu\u2019dan Sa\u011fl\u0131k Bakan\u0131 Memi\u015fo\u011flu\u2019na Te\u015fekk\u00fcr<\/p>\n<p>AK Parti Mardin \u0130l Ba\u015fkan\u0131 Sn. Mehmet Uncu, atamalar dolay\u0131s\u0131yla Sa\u011fl\u0131k Bakan\u0131 Sn. Kemal Memi\u015fo\u011flu\u2019na te\u015fekk\u00fcr ederek \u015fu a\u00e7\u0131klamalarda bulundu, \u201cSa\u011fl\u0131k Bakanl\u0131\u011f\u0131m\u0131z taraf\u0131ndan ilimize kazand\u0131r\u0131lan 24 hekim ve 50 yard\u0131mc\u0131 sa\u011fl\u0131k personelinin Mardin\u2019imizin sa\u011fl\u0131k hizmetlerine \u00f6nemli katk\u0131lar sunaca\u011f\u0131na inan\u0131yoruz. Bu vesileyle, ba\u015fta Sa\u011fl\u0131k Bakan\u0131m\u0131z Kemal Memi\u015fo\u011flu olmak \u00fczere eme\u011fi ge\u00e7en herkese te\u015fekk\u00fcr ediyorum. Yeni g\u00f6rev yerlerine atanan t\u00fcm sa\u011fl\u0131k \u00e7al\u0131\u015fanlar\u0131m\u0131za ba\u015far\u0131lar diliyorum. Ayr\u0131ca, ilimizin hekim ihtiyac\u0131n\u0131n tamamen kar\u015f\u0131lanaca\u011f\u0131 g\u00fcnlerin de en k\u0131sa zamanda gelece\u011fine olan inanc\u0131m\u0131z\u0131 yineliyor, bu y\u00f6ndeki \u00e7abalar\u0131n s\u00fcrece\u011fine y\u00fcrekten inan\u0131yoruz.\u201d<\/p>\n<p>Edit\u00f6r\u00fc:Mardin Haberyolu<\/p>\n","protected":false},"excerpt":{"rendered":"<p>Mardin\u2019e Sa\u011fl\u0131k Alan\u0131nda G\u00fc\u00e7l\u00fc Takviye<\/p>\n","protected":false},"author":1,"featured_media":107767,"comment_status":"open","ping_status":"open","sticky":false,"template":"","format":"standard","meta":{"footnotes":""},"categories":[3,9,8,19],"tags":[],"class_list":["post-107766","post","type-post","status-publish","format-standard","has-post-thumbnail","hentry","category-guncel","category-mardin","category-politika","category-saglik"],"_links":{"self":[{"href":"https:\/\/mardinhaberyolu.com\/index.php?rest_route=\/wp\/v2\/posts\/107766","targetHints":{"allow":["GET"]}}],"collection":[{"href":"https:\/\/mardinhaberyolu.com\/index.php?rest_route=\/wp\/v2\/posts"}],"about":[{"href":"https:\/\/mardinhaberyolu.com\/index.php?rest_route=\/wp\/v2\/types\/post"}],"author":[{"embeddable":true,"href":"https:\/\/mardinhaberyolu.com\/index.php?rest_route=\/wp\/v2\/users\/1"}],"replies":[{"embeddable":true,"href":"https:\/\/mardinhaberyolu.com\/index.php?rest_route=%2Fwp%2Fv2%2Fcomments&post=107766"}],"version-history":[{"count":1,"href":"https:\/\/mardinhaberyolu.com\/index.php?rest_route=\/wp\/v2\/posts\/107766\/revisions"}],"predecessor-version":[{"id":107768,"href":"https:\/\/mardinhaberyolu.com\/index.php?rest_route=\/wp\/v2\/posts\/107766\/revisions\/107768"}],"wp:featuredmedia":[{"embeddable":true,"href":"https:\/\/mardinhaberyolu.com\/index.php?rest_route=\/wp\/v2\/media\/107767"}],"wp:attachment":[{"href":"https:\/\/mardinhaberyolu.com\/index.php?rest_route=%2Fwp%2Fv2%2Fmedia&parent=107766"}],"wp:term":[{"taxonomy":"category","embeddable":true,"href":"https:\/\/mardinhaberyolu.com\/index.php?rest_route=%2Fwp%2Fv2%2Fcategories&post=107766"},{"taxonomy":"post_tag","embeddable":true,"href":"https:\/\/mardinhaberyolu.com\/index.php?rest_route=%2Fwp%2Fv2%2Ftags&post=107766"}],"curies":[{"name":"wp","href":"https:\/\/api.w.org\/{rel}","templated":true}]}}