{"id":107367,"date":"2025-04-21T17:39:48","date_gmt":"2025-04-21T17:39:48","guid":{"rendered":"https:\/\/mardinhaberyolu.com\/?p=107367"},"modified":"2025-04-21T17:39:48","modified_gmt":"2025-04-21T17:39:48","slug":"dunyanin-ortasinda-suskun-bir-ciglik","status":"publish","type":"post","link":"https:\/\/mardinhaberyolu.com\/?p=107367","title":{"rendered":"D\u00fcnyan\u0131n Ortas\u0131nda Suskun Bir \u00c7\u0131\u011fl\u0131k"},"content":{"rendered":"<p>&nbsp;<\/p>\n<p>\u0130nsan olmak nedir? Basit ama derin bir soru\u2026 Herkesin i\u00e7inde bir cevab\u0131 vard\u0131r mutlaka. Birlikte ya\u015famak m\u0131? Merhamet g\u00f6stermek mi? Empati kurmak, ba\u011f kurmak, payla\u015fmak m\u0131? Yoksa sadece nefes al\u0131p hayatta kalmaya \u00e7al\u0131\u015fmak m\u0131?<\/p>\n<p>Hayat bazen bu sorunun cevab\u0131n\u0131 en ac\u0131 bi\u00e7imde hat\u0131rlat\u0131yor bize. Sava\u015flar\u0131n g\u00f6lgesinde kalan topraklarda, d\u00fc\u015fen bombalar\u0131n alt\u0131nda kalan \u00e7ocuklarda, annesiz b\u00fcy\u00fcyen bebeklerde, y\u0131k\u0131lan yuvalarda\u2026 O anlarda sanki insan olman\u0131n tan\u0131m\u0131 ba\u015ftan yaz\u0131l\u0131yor. Ama biz bu yeni tan\u0131ma sadece uzaktan bak\u0131yoruz. Ekranlar\u0131m\u0131zdan izliyor, birka\u00e7 saniyelik bir haberle yetiniyor, sonra ge\u00e7ip gidiyoruz. Ve her \u201cge\u00e7ip gitme\u201d asl\u0131nda bir ba\u015fka insan\u0131 yok sayma anlam\u0131na geliyor.<\/p>\n<p>Bug\u00fcn, \u00f6zellikle Filistin\u2019de, insanlar sadece ya\u015famak istedikleri i\u00e7in \u00f6ld\u00fcr\u00fcl\u00fcyor. Bir annenin bebe\u011fini topra\u011fa vermesi, bir \u00e7ocu\u011fun eline oyuncak yerine ta\u015f almas\u0131, bir okulun y\u0131k\u0131l\u0131\u015f\u0131, bir hastanenin bombalanmas\u0131 art\u0131k yaln\u0131zca birka\u00e7 saniyelik birer g\u00f6r\u00fcnt\u00fc. Biz o g\u00f6r\u00fcnt\u00fclere bakarken bile \u00e7o\u011fu zaman duymuyoruz i\u00e7indeki \u00e7\u0131\u011fl\u0131\u011f\u0131. \u00c7\u00fcnk\u00fc sadece izliyoruz. Ve izlerken susuyoruz.<\/p>\n<p>Psikolojide bilinen bir kavramd\u0131r: \u201cDuyars\u0131zla\u015fma.\u201d Travmatik olaylara s\u00fcrekli maruz kalan bireyler, zamanla bu ac\u0131lara kar\u015f\u0131 hissizle\u015fir. Bu bir savunma mekanizmas\u0131d\u0131r. Peki ya toplumlar da b\u00f6yle mi? Kalabal\u0131kla\u015ft\u0131k\u00e7a hissizle\u015fiyor muyuz?<\/p>\n<p>Ne yaz\u0131k ki cevab\u0131m: Evet. Art\u0131k bir \u00e7ocu\u011fun g\u00f6zya\u015f\u0131 bile kimlik sorgusuyla kar\u015f\u0131la\u015f\u0131yor. Bir annenin feryad\u0131, sadece politik bir duru\u015f ta\u015f\u0131d\u0131\u011f\u0131nda g\u00fcndem olabiliyor. Vicdan\u0131n kendisi bile siyasi bir pozisyona indirgeniyor. Ve biz, en kutsal \u015feyi, insan hayat\u0131n\u0131 kirletiyoruz.<\/p>\n<p>Hep konu\u015furuz: \u0130htiya\u00e7lar hiyerar\u015fisi\u2026 En tepeye \u201ckendini ger\u00e7ekle\u015ftirme\u201dyi koyar\u0131z. Ama insanl\u0131k h\u00e2l\u00e2 en temelinde s\u0131k\u0131\u015f\u0131p kalm\u0131\u015f durumda. \u00c7\u00fcnk\u00fc bir yerlerde \u00e7ocuklar ya\u015fam hakk\u0131ndan mahrum b\u0131rak\u0131l\u0131yorsa, hi\u00e7birimiz tam anlam\u0131yla insan gibi ya\u015fayamay\u0131z.<\/p>\n<p>\u0130nsan olman\u0131n ilk ad\u0131m\u0131 vicdand\u0131r. Ve vicdan, bir s\u0131n\u0131rla, bayrakla, inan\u00e7la k\u0131s\u0131tlanamaz. Vicdan evrenseldir. E\u011fer bir bebek sadece do\u011fdu\u011fu yer sebebiyle \u00f6l\u00fcme mahk\u00fbm ediliyorsa, biz hep birlikte s\u0131n\u0131fta kald\u0131k demektir.<\/p>\n<p>Art\u0131k sadece sormak yetmiyor: \u201cBu sava\u015flar neden bitmiyor?\u201d, \u201c\u00c7ocuklar neden \u00f6l\u00fcyor?\u201d, \u201c\u0130nsanlar neden susuyor?\u201d<br \/>\nArt\u0131k cevap verebilmeliyiz. Ama en \u00f6nemlisi, susmamal\u0131y\u0131z. \u00c7\u00fcnk\u00fc susmak, onaylamakt\u0131r. \u00c7\u00fcnk\u00fc sessizlik, tarafs\u0131zl\u0131k de\u011fil; g\u00f6rmezden gelmektir.<\/p>\n<p>Ve e\u011fer bir \u00e7ocuk a\u011fl\u0131yorsa, o a\u011flamay\u0131 duymamak i\u00e7in kulaklar\u0131m\u0131z\u0131 kapat\u0131yorsak, asl\u0131nda kalbimizi de kapatm\u0131\u015f oluyoruz.<\/p>\n<p>Sevgili okurlar, bu yaz\u0131 bir taraf olma \u00e7a\u011fr\u0131s\u0131 de\u011fil. Bu yaz\u0131 sadece \u201cinsan kalma\u201d \u00e7a\u011fr\u0131s\u0131d\u0131r. Sava\u015fa de\u011fil; \u00f6l\u00fcme, yok olu\u015fa, sessizli\u011fe kar\u015f\u0131 durabilme \u00e7a\u011fr\u0131s\u0131d\u0131r. Bazen en b\u00fcy\u00fck cesaret, bir sava\u015fta silah ta\u015f\u0131mak de\u011fil; bar\u0131\u015f i\u00e7in ses olabilmektir.<\/p>\n<p>Ve unutmayal\u0131m: Sadece izleyerek ge\u00e7irdi\u011fimiz her g\u00fcn, bir \u00e7ocu\u011fun gelece\u011fini bizden biraz daha uzakla\u015ft\u0131r\u0131yor. Bir annenin kuca\u011f\u0131n\u0131 biraz daha bo\u015f b\u0131rak\u0131yor. Ve biz, t\u00fcm bunlara al\u0131\u015ft\u0131k\u00e7a, insanl\u0131\u011f\u0131m\u0131z\u0131 biraz daha geride b\u0131rak\u0131yoruz.<\/p>\n<p>Bir g\u00fcn biri size, \u201c\u0130nsan olmak neydi?\u201d diye sorarsa, umar\u0131m cevab\u0131n\u0131z olur.<br \/>\nVe o cevap, sessizlikle de\u011fil; vicdanla yank\u0131lan\u0131r.<\/p>\n","protected":false},"excerpt":{"rendered":"<p>&nbsp; \u0130nsan olmak nedir? Basit ama derin bir soru\u2026 Herkesin i\u00e7inde bir cevab\u0131 vard\u0131r mutlaka. Birlikte ya\u015famak m\u0131? Merhamet g\u00f6stermek mi? Empati kurmak, ba\u011f kurmak, payla\u015fmak m\u0131? Yoksa sadece nefes al\u0131p hayatta kalmaya \u00e7al\u0131\u015fmak m\u0131? Hayat bazen bu sorunun cevab\u0131n\u0131 en ac\u0131 bi\u00e7imde hat\u0131rlat\u0131yor bize. Sava\u015flar\u0131n g\u00f6lgesinde kalan topraklarda, d\u00fc\u015fen bombalar\u0131n alt\u0131nda kalan \u00e7ocuklarda, annesiz [&hellip;]<\/p>\n","protected":false},"author":12,"featured_media":0,"comment_status":"open","ping_status":"open","sticky":false,"template":"","format":"standard","meta":{"footnotes":""},"categories":[24],"tags":[],"class_list":["post-107367","post","type-post","status-publish","format-standard","hentry","category-yazarlar"],"_links":{"self":[{"href":"https:\/\/mardinhaberyolu.com\/index.php?rest_route=\/wp\/v2\/posts\/107367","targetHints":{"allow":["GET"]}}],"collection":[{"href":"https:\/\/mardinhaberyolu.com\/index.php?rest_route=\/wp\/v2\/posts"}],"about":[{"href":"https:\/\/mardinhaberyolu.com\/index.php?rest_route=\/wp\/v2\/types\/post"}],"author":[{"embeddable":true,"href":"https:\/\/mardinhaberyolu.com\/index.php?rest_route=\/wp\/v2\/users\/12"}],"replies":[{"embeddable":true,"href":"https:\/\/mardinhaberyolu.com\/index.php?rest_route=%2Fwp%2Fv2%2Fcomments&post=107367"}],"version-history":[{"count":1,"href":"https:\/\/mardinhaberyolu.com\/index.php?rest_route=\/wp\/v2\/posts\/107367\/revisions"}],"predecessor-version":[{"id":107368,"href":"https:\/\/mardinhaberyolu.com\/index.php?rest_route=\/wp\/v2\/posts\/107367\/revisions\/107368"}],"wp:attachment":[{"href":"https:\/\/mardinhaberyolu.com\/index.php?rest_route=%2Fwp%2Fv2%2Fmedia&parent=107367"}],"wp:term":[{"taxonomy":"category","embeddable":true,"href":"https:\/\/mardinhaberyolu.com\/index.php?rest_route=%2Fwp%2Fv2%2Fcategories&post=107367"},{"taxonomy":"post_tag","embeddable":true,"href":"https:\/\/mardinhaberyolu.com\/index.php?rest_route=%2Fwp%2Fv2%2Ftags&post=107367"}],"curies":[{"name":"wp","href":"https:\/\/api.w.org\/{rel}","templated":true}]}}