{"id":106769,"date":"2025-03-20T12:58:10","date_gmt":"2025-03-20T12:58:10","guid":{"rendered":"https:\/\/mardinhaberyolu.com\/?p=106769"},"modified":"2025-03-20T13:05:05","modified_gmt":"2025-03-20T13:05:05","slug":"hayatin-icinde-siyasetin-golgesinde","status":"publish","type":"post","link":"https:\/\/mardinhaberyolu.com\/?p=106769","title":{"rendered":"HAYATIN \u0130\u00c7\u0130NDE, S\u0130YASET\u0130N G\u00d6LGES\u0130NDE"},"content":{"rendered":"<p style=\"text-align: left\"><strong>G\u00fcnl\u00fck hayat\u0131m\u0131zda siyasetle ilgilenmesek bile, o bizimle ilgileniyor.<\/strong><\/p>\n<p>Sabah haberleri a\u00e7t\u0131\u011f\u0131m\u0131zda, markette fiyatlara bakt\u0131\u011f\u0131m\u0131zda, bir arkada\u015f sohbetinde konu d\u00f6n\u00fcp dola\u015f\u0131p g\u00fcndeme geldi\u011finde fark\u0131nda olmadan siyasetin i\u00e7inde buluyoruz kendimizi. Bir se\u00e7im d\u00f6nemi geldi\u011finde, \u201cKime oy vereceksin?\u201d sorusu \u00e7ay sohbetlerinin de\u011fi\u015fmez konusu haline geliyor. Kimi zaman heyecanlan\u0131yor, kimi zaman \u00f6fkeleniyor, kimi zaman da \u201cAman bo\u015f ver\u201d diyoruz. Ama ger\u00e7ekten ge\u00e7ip gidebiliyor muyuz?<\/p>\n<p>Bir sabah uyan\u0131yorsunuz ve yeni bir karar al\u0131nm\u0131\u015f. \u00c7al\u0131\u015fma hayat\u0131n\u0131z\u0131, e\u011fitiminizi, hatta g\u00fcnl\u00fck ya\u015fant\u0131n\u0131z\u0131 etkileyen bir karar. O an durup d\u00fc\u015f\u00fcn\u00fcyorsunuz: Bu benim hayat\u0131m\u0131 nas\u0131l de\u011fi\u015ftirecek? Siyaset, yaln\u0131zca belirli zamanlarda hat\u0131rlanan bir kavram de\u011fil, hayat\u0131n ak\u0131\u015f\u0131na y\u00f6n veren, birey olarak bizim de i\u00e7inde oldu\u011fumuz bir mekanizma. Kimi zaman belirsizlik yarat\u0131yor, kimi zaman umut veriyor. Yeni bir proje a\u00e7\u0131kland\u0131\u011f\u0131nda \u201cG\u00fczel olabilir\u201d diye d\u00fc\u015f\u00fcn\u00fcyoruz. Bazen de de\u011fi\u015fen kurallarla planlar\u0131m\u0131z\u0131 g\u00f6zden ge\u00e7irmek zorunda kal\u0131yoruz. Ancak g\u00fcn\u00fcn sonunda hayat devam ediyor ve biz de bu ak\u0131\u015f\u0131n i\u00e7inde kendimize bir y\u00f6n buluyoruz.<br \/>\nBurada as\u0131l \u00f6nemli olan, siyasetin hayat\u0131m\u0131zdaki yerini do\u011fru kavramak. Tamamen kay\u0131ts\u0131z kalamay\u0131z ama her \u015feyin de bizden ba\u011f\u0131ms\u0131z oldu\u011funu d\u00fc\u015f\u00fcnmek do\u011fru de\u011fil. Birey olarak yapt\u0131\u011f\u0131m\u0131z se\u00e7imler, g\u00f6sterdi\u011fimiz tepkiler, kat\u0131ld\u0131\u011f\u0131m\u0131z tart\u0131\u015fmalar hatta kimi zaman suskunlu\u011fumuz bile siyasetin bir par\u00e7as\u0131. Ancak d\u0131\u015f d\u00fcnyadaki geli\u015fmeler kar\u015f\u0131s\u0131nda ruh sa\u011fl\u0131\u011f\u0131m\u0131z\u0131 koruyabilmek i\u00e7in dikkat etmemiz gereken bir nokta var: Oda\u011f\u0131m\u0131z\u0131 kaybetmemek.<br \/>\nSiyaset elbette hayat\u0131m\u0131z\u0131 etkiliyor, ancak bizim de hayat\u0131m\u0131zda etkileyebilece\u011fimiz alanlar var. G\u00fcnl\u00fck rutinlerimiz, ki\u015fisel hedeflerimiz, sevdiklerimizle ge\u00e7irdi\u011fimiz zaman\u2026 Bunlar da en az d\u0131\u015f d\u00fcnyadaki geli\u015fmeler kadar \u00f6nemli. S\u00fcrekli belirsizlik i\u00e7inde olmak, de\u011fi\u015fimlere a\u015f\u0131r\u0131 tepki vermek veya tam tersi hi\u00e7bir \u015feyi umursamamak psikolojik olarak yorucu olabilir. \u00c7\u00fcnk\u00fc insan, bir noktada kontrol duygusuna ihtiya\u00e7 duyar. Kontrol edemedi\u011fimiz \u015feylerin i\u00e7inde kaybolmak yerine, de\u011fi\u015ftirebilece\u011fimiz alanlara y\u00f6nelmek bizi daha g\u00fc\u00e7l\u00fc k\u0131lar.<br \/>\nG\u00fcnl\u00fck hayat\u0131m\u0131z\u0131 tamamen d\u0131\u015f etkenlerden soyutlamak m\u00fcmk\u00fcn olmasa da, hangi olaylara nas\u0131l tepki verece\u011fimizi se\u00e7me hakk\u0131na sahibiz. Bir haber kar\u015f\u0131s\u0131nda nas\u0131l hissedece\u011fimizi, bir tart\u0131\u015fmada hangi noktada duraca\u011f\u0131m\u0131z\u0131, gelece\u011fe nas\u0131l bakaca\u011f\u0131m\u0131z\u0131 biz belirleriz. Kendimizi tamamen ak\u0131\u015fa b\u0131rak\u0131p \u00e7aresizlik hissetmek de bir tercihtir, de\u011fi\u015fim s\u00fcrecinde kendi duru\u015fumuzu olu\u015fturmak da. \u0130\u015fte tam bu noktada, hayat\u0131n i\u00e7inde nerede durdu\u011fumuzu sorgulamak gerekir. Sevgili okurlar, de\u011fi\u015fimin i\u00e7inde savrulmak m\u0131, yoksa de\u011fi\u015fime y\u00f6n verirken kendi dengenizi bulmak m\u0131 istersiniz? Cevab\u0131 ararken belki de en \u00f6nemli soru budur.<\/p>\n","protected":false},"excerpt":{"rendered":"<p>G\u00fcnl\u00fck hayat\u0131m\u0131zda siyasetle ilgilenmesek bile, o bizimle ilgileniyor. Sabah haberleri a\u00e7t\u0131\u011f\u0131m\u0131zda, markette fiyatlara bakt\u0131\u011f\u0131m\u0131zda, bir arkada\u015f sohbetinde konu d\u00f6n\u00fcp dola\u015f\u0131p g\u00fcndeme geldi\u011finde fark\u0131nda olmadan siyasetin i\u00e7inde buluyoruz kendimizi. Bir se\u00e7im d\u00f6nemi geldi\u011finde, \u201cKime oy vereceksin?\u201d sorusu \u00e7ay sohbetlerinin de\u011fi\u015fmez konusu haline geliyor. Kimi zaman heyecanlan\u0131yor, kimi zaman \u00f6fkeleniyor, kimi zaman da \u201cAman bo\u015f ver\u201d diyoruz. [&hellip;]<\/p>\n","protected":false},"author":12,"featured_media":0,"comment_status":"open","ping_status":"open","sticky":false,"template":"","format":"standard","meta":{"footnotes":""},"categories":[24],"tags":[],"class_list":["post-106769","post","type-post","status-publish","format-standard","hentry","category-yazarlar"],"_links":{"self":[{"href":"https:\/\/mardinhaberyolu.com\/index.php?rest_route=\/wp\/v2\/posts\/106769","targetHints":{"allow":["GET"]}}],"collection":[{"href":"https:\/\/mardinhaberyolu.com\/index.php?rest_route=\/wp\/v2\/posts"}],"about":[{"href":"https:\/\/mardinhaberyolu.com\/index.php?rest_route=\/wp\/v2\/types\/post"}],"author":[{"embeddable":true,"href":"https:\/\/mardinhaberyolu.com\/index.php?rest_route=\/wp\/v2\/users\/12"}],"replies":[{"embeddable":true,"href":"https:\/\/mardinhaberyolu.com\/index.php?rest_route=%2Fwp%2Fv2%2Fcomments&post=106769"}],"version-history":[{"count":3,"href":"https:\/\/mardinhaberyolu.com\/index.php?rest_route=\/wp\/v2\/posts\/106769\/revisions"}],"predecessor-version":[{"id":106772,"href":"https:\/\/mardinhaberyolu.com\/index.php?rest_route=\/wp\/v2\/posts\/106769\/revisions\/106772"}],"wp:attachment":[{"href":"https:\/\/mardinhaberyolu.com\/index.php?rest_route=%2Fwp%2Fv2%2Fmedia&parent=106769"}],"wp:term":[{"taxonomy":"category","embeddable":true,"href":"https:\/\/mardinhaberyolu.com\/index.php?rest_route=%2Fwp%2Fv2%2Fcategories&post=106769"},{"taxonomy":"post_tag","embeddable":true,"href":"https:\/\/mardinhaberyolu.com\/index.php?rest_route=%2Fwp%2Fv2%2Ftags&post=106769"}],"curies":[{"name":"wp","href":"https:\/\/api.w.org\/{rel}","templated":true}]}}