{"id":106208,"date":"2025-03-03T05:15:32","date_gmt":"2025-03-03T05:15:32","guid":{"rendered":"https:\/\/mardinhaberyolu.com\/?p=106208"},"modified":"2025-03-03T05:16:57","modified_gmt":"2025-03-03T05:16:57","slug":"ocalandan-tarihi-emir-omru-bitmis-pkk-ve-bagli-orgutleri-feshedin","status":"publish","type":"post","link":"https:\/\/mardinhaberyolu.com\/?p=106208","title":{"rendered":"\u00d6CALAN\u2019DAN TAR\u0130H\u0130 EM\u0130R: \u00d6MR\u00dc B\u0130TM\u0130\u015e PKK VE BA\u011eLI \u00d6RG\u00dcTLER\u0130 FESHED\u0130N"},"content":{"rendered":"<p>Uzun bir haz\u0131rl\u0131k s\u00fcrecinden sonra yap\u0131lan g\u00f6r\u00fc\u015fmeler tamamland\u0131 ve PKK Lideri Abdullah \u00d6calan\u2019dan istenen ve beklenen a\u00e7\u0131klama geldi. A\u00e7\u0131klamay\u0131 \u0130mral\u0131\u2019ya giden heyetin 3.c\u00fc defa g\u00f6r\u00fc\u015fme yapmas\u0131n\u0131n hemen ard\u0131ndan ve belirtilen saatte geldi. \u00d6calan, miad\u0131n\u0131 doldurmu\u015f olan PKK ve ba\u011fl\u0131 \u00f6rg\u00fctlerin la\u011fv\u0131 gerekli olmu\u015ftur, dedi.<\/p>\n<p>\u00d6calan\u2019\u0131n mesaj\u0131, S\u0131rr\u0131 S\u00fcreyya \u00d6nder\u2019in sunumundan sonra T\u00fcrk\u00e7e olarak Pervin Buldan, K\u00fcrt\u00e7esini Ahmet T\u00fcrk okudu. Taksim Meydan\u0131\u2019nda saat 17:00\u2019da okunacak olan mesaja t\u00fcm T\u00fcrkiye ve d\u00fcnyada bir \u00e7ok siyasi \u00e7evre kitlendi adeta; herkes merakla bu an\u0131 bekledi. \u00d6calan\u2019\u0131n mesaj\u0131 eliyle yazd\u0131\u011f\u0131 bi\u00e7imiyle de medya taraf\u0131ndan yay\u0131nland\u0131.<\/p>\n<p>Bundan sonra ne olacak, s\u00fcre\u00e7 nas\u0131l i\u015flenecek? \u00d6rg\u00fct b\u00fct\u00fcn unsurlar\u0131 ve yan kollar\u0131 ve bile\u015fenleri ile uyacak m\u0131? Devletin tutumu ne olacak ? gibi sorular\u0131n cevab\u0131 \u00f6n\u00fcm\u00fczdeki s\u00fcre\u00e7 boyunca yava\u015f yava\u015f netlik kazanacak hi\u00e7 \u015f\u00fcphesiz.<\/p>\n<p>Baz\u0131 <strong>\u2018kem-k\u00fcm\u2019lerin <\/strong>d\u0131\u015f\u0131nda zaman i\u00e7erisinde kapsaml\u0131 olarak Abdullah \u00d6calan\u2019\u0131n \u00e7a\u011fr\u0131s\u0131n\u0131n istenen y\u00f6nde ger\u00e7ekle\u015fece\u011fini tahmin etmekteyiz. Uymayanlar\u0131 zor bir s\u00fcrecin belledi\u011fini belirtmek isteriz; zira toplumun her kesimi bar\u0131\u015ftan yana bir e\u011filim i\u00e7inde oldu\u011funu hissetmekteyiz.<\/p>\n<p>&nbsp;<\/p>\n<p><strong><em>\u00d6n\u00fcm\u00fczdeki S\u00fcre\u00e7 \u00c7ok \u2018Nazik\u2019 <\/em><\/strong><\/p>\n<p>Evet \u00f6n\u00fcm\u00fczdeki s\u00fcrecin \u00e7ok k\u0131r\u0131lgan ve \u2018nazik\u2019 olaca\u011f\u0131n\u0131 s\u00f6yleyebiliriz. Muhataplar ba\u015fta olmak \u00fczere herkes kulland\u0131\u011f\u0131 s\u00f6yleme dikkat etmeli. S\u00fcrecin amac\u0131na ula\u015fabilmesi veya akamete u\u011framamas\u0131 i\u00e7in herkes \u00fczerine d\u00fc\u015fene dikkat etmeli. \u0130ncitici ve gurur k\u0131r\u0131c\u0131 c\u00fcmlelerden uzak durulursa sonuca ula\u015fmak kolay olur.<\/p>\n<p>Bar\u0131\u015f tesis etmek kolay de\u011fildir. Her \u00fclkenin i\u00e7 bar\u0131\u015f \u015fartlar\u0131 bir di\u011ferinden farkl\u0131d\u0131r. Bu anlamda T\u00fcrkiye\u2019de bar\u0131\u015f\u0131 T\u00fcrkler ve K\u00fcrtler aras\u0131nda geli\u015ftirmek hem kolay hem zor olacak.<\/p>\n<p>Halklar\u0131n i\u00e7 i\u00e7e bir ya\u015fayan bir ger\u00e7ekli\u011fe ve sosyolojilerinin bir b\u00fct\u00fcn gibi olmas\u0131 bar\u0131\u015f\u0131 tesis edecek liderlere \u015f\u00fcphesiz kolayl\u0131k sa\u011flayacakt\u0131r.<\/p>\n<p>\u00d6te yandan yar\u0131m as\u0131rd\u0131r bu co\u011frafyada asker, polis veya PKK\u2019ye kat\u0131lm\u0131\u015f evlatlar\u0131m\u0131z\u0131n dilim varm\u0131yor ama, birbirlerini \u00f6ld\u00fcrmeleri ister istemez toplumumuzda baz\u0131 \u00f6n yarg\u0131lar\u0131n geli\u015fmesini de beraberinde getirmi\u015ftir. Bu anlamda annelerimizin ac\u0131lar\u0131 unutmalar\u0131 zor olacak elbette ama galiba karde\u015f oldu\u011fumuzu tekrar hat\u0131rlamam\u0131z gerekecek.<\/p>\n<p><strong><em>Medya da Diline Dikkat Etmeli<\/em><\/strong><\/p>\n<p>\u00d6ncelikle siyasetin s\u00f6ylemi, dili ve bunun medyaya yans\u0131y\u0131\u015f bi\u00e7imi de s\u00fcreci menfi\/m\u00fcspet y\u00f6nde etkileyecektir. Abdullah \u00d6calan\u2019\u0131n kendine ba\u011fl\u0131 veya etkisi alt\u0131ndaki bile\u015fenlerinden \u00f6rg\u00fctsel la\u011fv\u0131 istemesinin ard\u0131ndan gelen a\u00e7\u0131klamalara bak\u0131l\u0131rsa uyacaklar\u0131na y\u00f6nelik mesajlar\u0131n geldi\u011fi g\u00f6r\u00fclmektedir. Bu, s\u00fcrecin silahtan ar\u0131nd\u0131r\u0131laca\u011f\u0131 anlam\u0131na gelmektedir.<\/p>\n<p>Hal b\u00f6yle iken hala \u201cBebek Katili\u201d, \u201cTer\u00f6rist\u201d gibi yak\u0131\u015ft\u0131rmalar\u0131n s\u0131k\u00e7a yap\u0131lmas\u0131 bar\u0131\u015ftan yana olan K\u00fcrt siyasi taban\u0131n\u0131 bile incitmektedir. B\u00f6lgede ya\u015fayanlar olarak incindi\u011fini hisseden insanlardan s\u0131k\u00e7a duymaktay\u0131z. Deniliyor ki \u201cMadem liderin \u00e7a\u011fr\u0131s\u0131na uyacaklar\u0131n\u0131 a\u00e7\u0131klad\u0131lar, neden hala hem siyaset hem medya dilinde incitici, a\u015fa\u011f\u0131lay\u0131c\u0131 kavramlar kullan\u0131lmaktad\u0131r?\u201d<\/p>\n<p>Bize g\u00f6re de yeni s\u00fcrecin dili daha kucaklay\u0131c\u0131, a\u015fa\u011f\u0131lay\u0131c\u0131 olmamal\u0131 hatta tabanda ve \u00f6rg\u00fctsel zeminde olup da hala bir miktar kay\u0131 ta\u015f\u0131yan insanlar\u0131, \u00f6yle bir dil geli\u015ftirilmeli ki, kazanmaya d\u00f6n\u00fck olmal\u0131.<\/p>\n<p>K\u00fcrt\u00e7ede bir atas\u00f6z\u00fc vard\u0131r: <em>Ziman\u00ea te b\u00fb emele sere te. <\/em>\u00d6zce a\u00e7\u0131klamas\u0131, senin bu dilin ba\u015f\u0131na bela oldu. Evet bir daha bela ya\u015famamam\u0131z i\u00e7in dilimize dikkat etmemiz gerekiyor.<\/p>\n<p>\u0130nsan onuruna yara\u015f\u0131r bir dil geli\u015ftirip kullanmam\u0131z gerekiyor, madem pazarl\u0131k-mazarl\u0131k yok, o halde eski dil al\u0131\u015fkanl\u0131klar\u0131n\u0131n da terk-i zaman\u0131 gelmi\u015ftir.<\/p>\n<p>Sayg\u0131yla\u2026<\/p>\n<p>&nbsp;<\/p>\n","protected":false},"excerpt":{"rendered":"<p>Uzun bir haz\u0131rl\u0131k s\u00fcrecinden yap\u0131lan g\u00f6r\u00fc\u015fmeler tamamland\u0131 ve PKK Lideri Abdullah \u00d6calan\u2019dan istenen ve beklenen a\u00e7\u0131klama geldi. A\u00e7\u0131klamay\u0131 \u0130mral\u0131\u2019ya giden heyetin 3.c\u00fc defa g\u00f6r\u00fc\u015fme yapmas\u0131n\u0131n hemen ard\u0131ndan ve belirtilen saatte geldi. \u00d6calan, miad\u0131n\u0131 doldurmu\u015f olan PKK ve ba\u011fl\u0131 \u00f6rg\u00fctlerin la\u011fv\u0131 gerekli olmu\u015ftur, dedi.<\/p>\n","protected":false},"author":4,"featured_media":0,"comment_status":"open","ping_status":"open","sticky":false,"template":"","format":"standard","meta":{"footnotes":""},"categories":[24],"tags":[],"class_list":["post-106208","post","type-post","status-publish","format-standard","hentry","category-yazarlar"],"_links":{"self":[{"href":"https:\/\/mardinhaberyolu.com\/index.php?rest_route=\/wp\/v2\/posts\/106208","targetHints":{"allow":["GET"]}}],"collection":[{"href":"https:\/\/mardinhaberyolu.com\/index.php?rest_route=\/wp\/v2\/posts"}],"about":[{"href":"https:\/\/mardinhaberyolu.com\/index.php?rest_route=\/wp\/v2\/types\/post"}],"author":[{"embeddable":true,"href":"https:\/\/mardinhaberyolu.com\/index.php?rest_route=\/wp\/v2\/users\/4"}],"replies":[{"embeddable":true,"href":"https:\/\/mardinhaberyolu.com\/index.php?rest_route=%2Fwp%2Fv2%2Fcomments&post=106208"}],"version-history":[{"count":3,"href":"https:\/\/mardinhaberyolu.com\/index.php?rest_route=\/wp\/v2\/posts\/106208\/revisions"}],"predecessor-version":[{"id":106211,"href":"https:\/\/mardinhaberyolu.com\/index.php?rest_route=\/wp\/v2\/posts\/106208\/revisions\/106211"}],"wp:attachment":[{"href":"https:\/\/mardinhaberyolu.com\/index.php?rest_route=%2Fwp%2Fv2%2Fmedia&parent=106208"}],"wp:term":[{"taxonomy":"category","embeddable":true,"href":"https:\/\/mardinhaberyolu.com\/index.php?rest_route=%2Fwp%2Fv2%2Fcategories&post=106208"},{"taxonomy":"post_tag","embeddable":true,"href":"https:\/\/mardinhaberyolu.com\/index.php?rest_route=%2Fwp%2Fv2%2Ftags&post=106208"}],"curies":[{"name":"wp","href":"https:\/\/api.w.org\/{rel}","templated":true}]}}