{"id":105780,"date":"2025-02-18T09:55:14","date_gmt":"2025-02-18T09:55:14","guid":{"rendered":"https:\/\/mardinhaberyolu.com\/?p=105780"},"modified":"2025-02-18T16:47:26","modified_gmt":"2025-02-18T16:47:26","slug":"ocalan-tereddutsuz-silahlara-veda-demeli","status":"publish","type":"post","link":"https:\/\/mardinhaberyolu.com\/?p=105780","title":{"rendered":"\u00d6CALAN TEREDD\u00dcTS\u00dcZ \u2018S\u0130LAHLARA VEDA\u2019 DEMEL\u0130"},"content":{"rendered":"<p>&nbsp;<\/p>\n<p>S\u00fcre\u00e7 iki boyutlu bir \u015fekilde ilerlemektedir. S\u00fcrecin hem \u00f6znesi hem aparat\u0131 hem de el\u00e7isi olan DEM\u2019lilerden kurulu ve ad\u0131na \u2018\u0130mral\u0131 Heyeti\u2019 denilen bu olu\u015fum ziyaretlerini s\u00fcrd\u00fcrmektedir. \u015eimdi ziyaret en son olarak K\u00fcrdistan B\u00f6lgesel Y\u00f6netimine gitti. Burada Mesut Barzani, Ne\u00e7irvan Barzani ve Baf\u0131l Talabani ile g\u00f6r\u00fc\u015ft\u00fckten sonra T\u00fcrkiye\u2019ye d\u00f6necek ve \u0130mral\u0131\u2019ya gidecek Abdullah \u00d6calan ile tabiri caizse has\u0131lat\u0131 payla\u015facak. Ama heyet hali haz\u0131rda Irak\u2019ta iken belki birka\u00e7 ki\u015fiden olu\u015fan bir Kandil Heyeti ile g\u00f6r\u00fc\u015f\u00fcr. Bizce b\u00f6yle bir g\u00f6r\u00fc\u015fme gerekli ve makuld\u00fcr. \u00c7\u00fcnk\u00fc <strong>Kandil\u2019in elinden silahlar al\u0131nmak isteniyor, ancak silahlar\u0131 zor b\u0131rakacak olan g\u00fc\u00e7 Suriye\u2019nin kuzey b\u00f6lgesinde ba\u015fta ABD olmak \u00fczere emperyalist g\u00fc\u00e7lerin deste\u011fini arkas\u0131na alan YPG\u2019dir. Ancak Suriye\u2019de Esed rejiminin \u00e7\u00f6kmesi sonucu burada meydana gelen siyasal ko\u015fullar YPG\u2019yi zorlamaktad\u0131r bug\u00fcn itibar\u0131yla.<\/strong><\/p>\n<p>\u0130mral\u0131 Heyeti\u2019nin K\u00fcrt B\u00f6lgesel Y\u00f6netimini g\u00f6r\u00fc\u015fme veya ziyaret kapsam\u0131na almas\u0131 silahlar\u0131n b\u0131rak\u0131lmas\u0131ndan sonra olu\u015facak olan siyasi ortam\u0131n \u015fartlar\u0131na K\u00fcrtler lehine nas\u0131l kazan\u0131mlara \u00e7evrilebilir noktas\u0131n\u0131n da ele al\u0131nd\u0131\u011f\u0131n\u0131 tahmin ediyoruz. Hatta bir ad\u0131m daha ileri gidersek b\u00f6ylesi bir s\u00fcre\u00e7te ve zeminde b\u00fct\u00fcn K\u00fcrtleri kapsayacak \u015fekilde bir birlikte hatta ortak bir \u00e7at\u0131 meclisi bile ufak \u00e7apta olsa da g\u00fcndeme getirilmi\u015f olmas\u0131 veya bunun i\u00e7in d\u00fc\u015f\u00fcn\u00fclmesi g\u00fc\u00e7l\u00fc bir ihtimal olarak okumaktay\u0131z.<\/p>\n<p><strong>Art\u0131k S\u00fcre\u00e7te Sona Do\u011fru Gelindi<\/strong><\/p>\n<p>\u00d6yle anla\u015f\u0131l\u0131yor ki s\u00fcre\u00e7 sona do\u011fru i\u015fliyor ve bundan geri d\u00f6nmek taraflar i\u00e7in m\u00fcmk\u00fcn de\u011fildir. Ancak sona gelinse de s\u00fcrecin bir di\u011fer boyutu da var ki, o da \u2018teredd\u00fct\u2019 dedi\u011fimiz ve kendini potansiyel olarak var eden bir olgu olarak kar\u015f\u0131m\u0131zda duruyor. Hem Kandil hem de kendisine inanan K\u00fcrtlerin ta\u015f\u0131d\u0131\u011f\u0131 bir teredd\u00fctten s\u00f6z ediyoruz. Bu boyuttaki K\u00fcrtler <strong>\u2018Acaba devlet bir oyun pe\u015finde mi?\u2019<\/strong> diye bir niyet sahibidirler. Bu kesim diyor ki \u201c50 y\u0131ld\u0131r bir m\u00fccadele verildi. Son y\u0131llarda hep bir stat\u00fc sahibi olma g\u00fcndeme geldi. Silahlara veda ile hi\u00e7 mi bir kazan\u0131m olmayacak siyaseten?\u201d gibi bir beklenti vard\u0131r kendilerine ba\u011fl\u0131 olan K\u00fcrtlerde.<\/p>\n<p>Bir de kamuoyunda s\u0131k\u00e7a tart\u0131\u015f\u0131lan bir konu \u015fuydu: Acaba Abdullah \u00d6calan\u2019\u0131n \u00e7a\u011fr\u0131s\u0131na \u201cKandil ne cevap verecek? Silah b\u0131rakma \u00e7a\u011fr\u0131s\u0131na uyar m\u0131? \u201c gibi sorular soruldu hep. \u0130lk ba\u015flarda Kandil\u2019den gelen sinyaller \u2018kem-k\u00fcm\u2019 \u015feklinde oldu ancak daha sonra \u00d6calan\u2019\u0131n \u00e7a\u011fr\u0131s\u0131na uyulaca\u011f\u0131 \u015feklinde a\u00e7\u0131klamalar geldi. Fakat hala olas\u0131 \u00e7a\u011fr\u0131n\u0131n i\u00e7eri\u011fi hakk\u0131nda net bir bilgi yok. Kamuoyunda dillendirilen ve medyada tart\u0131\u015f\u0131lan sadece baz\u0131 tahminler veya k\u00fc\u00e7\u00fck \u00e7apta s\u0131zd\u0131r\u0131lan birka\u00e7 kelime olabilir.<\/p>\n<p><strong><em>\u00d6calan Cesaretli Bir \u015eekilde A\u00e7\u0131klama Yapmal\u0131<\/em><\/strong><\/p>\n<p>Bu bizim na\u00e7izane \u00f6nerimizdir. Heyet son olarak, yine \u00d6calan ile g\u00f6r\u00fc\u015fmeye gidecek. Heyet elbette siyasetten epey destek toplad\u0131. Toplanan bu deste\u011fi \u00d6calan\u2019a sunacak. Ku\u015fkusuz bu destek \u00d6calan i\u00e7in cesaretli bir \u015fekilde a\u00e7\u0131klama yapmas\u0131 i\u00e7in b\u00fcy\u00fck bir koz. Heyetten kendisine sunulan bu destek yapaca\u011f\u0131 a\u00e7\u0131klamay\u0131 hem i\u00e7erik a\u00e7\u0131s\u0131ndan hem net kelimelerden olu\u015facak etkileyici c\u00fcmlelerin kurulmas\u0131n\u0131 etkileyecek.<\/p>\n<p>Bug\u00fcne kadar heyetin ziyaret ettikleri ki\u015fi ve olu\u015fumlara bak\u0131l\u0131rsa \u00d6calan\u2019a zengin bir destek ger\u00e7e\u011fi ortaya \u00e7\u0131kt\u0131\u011f\u0131n\u0131 s\u00f6yleyebiliriz. Bu destek hem siyasetten zengin hem halk \u00fczerinde etkili olan noktalardan geldi\u011fi i\u00e7in bu durum Abdullah \u00d6calan\u2019\u0131 rahatlataca\u011f\u0131 a\u00e7\u0131kt\u0131r.<\/p>\n<p>Buradan bak\u0131l\u0131rsa e\u011fer bug\u00fcne kadar \u00d6calan\u2019\u0131n yapaca\u011f\u0131 a\u00e7\u0131klama tasla\u011f\u0131 elinde olsa bile heyetin son olarak kendisine sunaca\u011f\u0131 malzeme a\u00e7\u0131klama metninin revize edilmesini gerektirebilir. Ama i\u015fim ger\u00e7e\u011fi toplanan has\u0131lata bak\u0131l\u0131rsa Abdullah \u00d6calan\u2019\u0131n radikal bir \u015fekilde \u2018Silahlara Veda\u2019 demesi an meselesi.<\/p>\n<p><strong><em>\u00d6calan Teredd\u00fct \u0130\u00e7eren Bir A\u00e7\u0131klama Yaparsa\u2026<\/em><\/strong><\/p>\n<p>Evet, \u2018\u00d6calan Teredd\u00fct \u0130\u00e7eren Bir A\u00e7\u0131klama Yaparsa\u2026\u2019 hem siyasetten kazan\u0131mlar\u0131 yol a\u00e7maz hem de toplumda olu\u015fan bar\u0131\u015f beklentisi tabiri caizse ba\u015fka bir bahara ertelenir. En \u00f6nemlisi \u00d6calan\u2019\u0131n liderli\u011fi tart\u0131\u015f\u0131l\u0131r hale gelir ki bu durum kendisine \u00e7ok zarar verir.<\/p>\n<p>B\u00f6yle bir Abdullah \u00d6calan\u2019\u0131n art\u0131k Kandil ekibine kar\u015f\u0131 bir ciddiyeti kalmayaca\u011f\u0131 gibi hem T\u00fcrk ve K\u00fcrt halk\u0131nda belki zavall\u0131 bir ki\u015fi olarak tarihe ge\u00e7er.<\/p>\n<p>Tam da bu noktada \u00d6calan, \u015fu anda tart\u0131\u015f\u0131lmakta olan \u2018PKK\u2019yi ben kurdum ve ben la\u011fvediyorum\u2019 cinsinde bir c\u00fcmle ile \u00e7at\u0131\u015fma s\u00fcrecine nokta koyma c\u00fcretini g\u00f6sterecek be bar\u0131\u015f s\u00fcreci ba\u015flayacak.<\/p>\n<p>Evet son c\u00fcmle \u015fu olsun: Ya \u00d6calan \u2018\u0130rademiz \u00d6caland\u0131r\u2019 felsefesine uygun davranacak ve art\u0131k misyonunu bitirmi\u015f olan PKK\u2019yi la\u011fvedecek ya da kendisi\u00a0 la\u011fv olacak<\/p>\n<p>Sayg\u0131yla\u2026<\/p>\n","protected":false},"excerpt":{"rendered":"<p>Her \u015fey MHP Genel Ba\u015fkan\u0131 Devlet Bah\u00e7eli\u2019nin bir c\u00fcmlesi ile ba\u015flad\u0131. Sonra arkas\u0131 geldi. Tabi arkas\u0131 gelmeden \u00f6nce, yani Bah\u00e7eli\u2019nin o me\u015fhur olmu\u015f olan s\u00f6zlerinden \u00f6nce sonradan sat\u0131r aralar\u0131nda anla\u015f\u0131ld\u0131 ki \u0130mral\u0131 ile \u2018devlet akl\u0131\u2019 aras\u0131nda bir haz\u0131rl\u0131k s\u00fcreci ya\u015fanm\u0131\u015f.\u00a0 Ba\u015fka bir ifade ile MHP liderinin c\u00fcmlelerinin ayaklar\u0131 havada de\u011fildi anla\u015f\u0131lan.<\/p>\n","protected":false},"author":4,"featured_media":0,"comment_status":"open","ping_status":"open","sticky":false,"template":"","format":"standard","meta":{"footnotes":""},"categories":[24],"tags":[],"class_list":["post-105780","post","type-post","status-publish","format-standard","hentry","category-yazarlar"],"_links":{"self":[{"href":"https:\/\/mardinhaberyolu.com\/index.php?rest_route=\/wp\/v2\/posts\/105780","targetHints":{"allow":["GET"]}}],"collection":[{"href":"https:\/\/mardinhaberyolu.com\/index.php?rest_route=\/wp\/v2\/posts"}],"about":[{"href":"https:\/\/mardinhaberyolu.com\/index.php?rest_route=\/wp\/v2\/types\/post"}],"author":[{"embeddable":true,"href":"https:\/\/mardinhaberyolu.com\/index.php?rest_route=\/wp\/v2\/users\/4"}],"replies":[{"embeddable":true,"href":"https:\/\/mardinhaberyolu.com\/index.php?rest_route=%2Fwp%2Fv2%2Fcomments&post=105780"}],"version-history":[{"count":3,"href":"https:\/\/mardinhaberyolu.com\/index.php?rest_route=\/wp\/v2\/posts\/105780\/revisions"}],"predecessor-version":[{"id":105797,"href":"https:\/\/mardinhaberyolu.com\/index.php?rest_route=\/wp\/v2\/posts\/105780\/revisions\/105797"}],"wp:attachment":[{"href":"https:\/\/mardinhaberyolu.com\/index.php?rest_route=%2Fwp%2Fv2%2Fmedia&parent=105780"}],"wp:term":[{"taxonomy":"category","embeddable":true,"href":"https:\/\/mardinhaberyolu.com\/index.php?rest_route=%2Fwp%2Fv2%2Fcategories&post=105780"},{"taxonomy":"post_tag","embeddable":true,"href":"https:\/\/mardinhaberyolu.com\/index.php?rest_route=%2Fwp%2Fv2%2Ftags&post=105780"}],"curies":[{"name":"wp","href":"https:\/\/api.w.org\/{rel}","templated":true}]}}