{"id":104654,"date":"2025-01-07T19:44:43","date_gmt":"2025-01-07T19:44:43","guid":{"rendered":"https:\/\/mardinhaberyolu.com\/?p=104654"},"modified":"2025-01-07T19:44:43","modified_gmt":"2025-01-07T19:44:43","slug":"mardin-1969-icin-o-sene-bu-sene-mi","status":"publish","type":"post","link":"https:\/\/mardinhaberyolu.com\/?p=104654","title":{"rendered":"MARD\u0130N 1969 \u0130\u00c7\u0130N O SENE BU SENE M\u0130 ?"},"content":{"rendered":"<p>&nbsp;<\/p>\n<p>D\u00fcnyaya \u0131\u015f\u0131k tutacak medeniyetler tarihine yeni bir sayfan a\u00e7an Mardinimizin g\u00f6z bebe\u011fi olan MARD\u0130N 1969 SPOR Kul\u00fcb\u00fcn\u00fcn durumu ile ilgili yapmam\u0131z ve yap\u0131lmas\u0131 gerekenler vard\u0131r kanat\u0131mca. \u015emdi bunlar\u0131n neler oldu\u011funa bakal\u0131m sevgili sporseverler.<\/p>\n<p>Nesine 3.Lig 4.Grupta zirvenin 1 puan gerisinde m\u00fccadele eden MARD\u0130N1969 Sporumuz \u015ferefli bayra\u011f\u0131n\u0131 elimize al\u0131p kutlu y\u00fcr\u00fcy\u00fc\u015fe ge\u00e7meliyiz.<\/p>\n<p><strong>Saha i\u00e7inde ve saha d\u0131\u015f\u0131nda ola\u011fan\u00fcst\u00fc bir m\u00fccadele veren sporcular\u0131m\u0131z\u0131 antrenmanlarda ziyaret edip \u00e7al\u0131\u015fmalar\u0131na destek olup moral vermeliyiz.<\/strong><\/p>\n<p><strong>Bu tak\u0131m i\u00e7in can\u0131n\u0131 di\u015fine takan, \u015fampiyonluk hedefine kilitlenen oyuncu toplulu\u011fuyla, ba\u015flar\u0131nda de\u011ferli bir Teknik adam <\/strong>Ula\u015f Ulusan ile maddi ve manevi deste\u011fimizi eksik etmemeliyiz.<\/p>\n<p>&nbsp;<\/p>\n<p>MARD\u0130N1969 Sporumuzun forma, atk\u0131, \u015fapka, bayrak, afi\u015f ve benzeri ekipmanlar\u0131 sat\u0131n al\u0131p evlerimizi, arabalar\u0131m\u0131z\u0131, i\u015f yerlerimizi, cadde ve sokaklar\u0131m\u0131z\u0131 donat\u0131p s\u00fcslemeliyiz.<\/p>\n<p>Ma\u00e7lara elimizden geldi\u011fince kat\u0131l\u0131m sa\u011flamal\u0131y\u0131z.<\/p>\n<p>Ufak-b\u00fcy\u00fck bakmaks\u0131z\u0131n her t\u00fcrl\u00fc maddi deste\u011fi bulunmal\u0131y\u0131z.<\/p>\n<p><strong>Mardinli zengin\u00a0 hem\u015ferilerinden bug\u00fcne kadar gerekli maddi ve manevi deste\u011fi alamayan sadece Mardin Valisi ve B\u00fcy\u00fck\u015fehir Belediye Ba\u015fkan Vekili Say\u0131n Tuncay AKKOYUN\u2019nun\u00a0 sa\u011flam\u0131\u015f oldu\u011fu maddi ve manevi destekleri d\u0131\u015f\u0131nda kimseden bir yard\u0131m al\u0131nmayan bir kul\u00fcb\u00fcn ba\u015far\u0131l\u0131 olmas\u0131 m\u00fcmk\u00fcn m\u00fc ?!<\/strong><\/p>\n<p><strong>\u00a0<\/strong><\/p>\n<p><strong><em>Mardinli \u0130\u015f \u0130nsanlar\u0131 Nerede?<\/em><\/strong><\/p>\n<p><strong>\u00a0<\/strong><\/p>\n<p><strong>T\u00fcrkiye ekonomisine y\u00f6n veren vergi rekortmenleri s\u0131ralamas\u0131nda \u0130simleri ge\u00e7en MARD\u0130NL\u0130 \u0130\u015f adamlar\u0131 ve \u0130\u015f kad\u0131nlar\u0131n\u0131n da bir an \u00f6nce <\/strong>MARD\u0130N1969 Sporumuza ciddi anlamda maddi destek vermeleri laz\u0131m<strong>.<\/strong><\/p>\n<p>Kul\u00fcb\u00fcn kurulu\u015f a\u015famas\u0131nda \u015fimdiye kadar Mardin ve il\u00e7elerindeki\u00a0 halk\u0131ndan maddi ve manevi destek al\u0131n\u0131yor ama bu da yeterli de\u011fil, \u201cMardin halk\u0131 ve Mardin esnaf\u0131 maddi manevi destek olma noktas\u0131nda elinden geleni yap\u0131yor ama az! Bu vesile ile \u00fclkemiz pek \u00e7ok ilinde ve yurt d\u0131\u015f\u0131nda ya\u015fayan yakla\u015f\u0131k \u00fc\u00e7 y\u00fcz\u00a0 binin \u00fczerindeki gurbet\u00e7ilerimizden de maddi manevi destek beklenmektedir.<\/p>\n<p>Her ne kadar hakemler Mardinspor ma\u00e7lar\u0131n\u0131 y\u00f6netirken \u00f6n yarg\u0131l\u0131 davransa da,haks\u0131z d\u00fcd\u00fckler \u00e7alsa da, verdikleri karar ve tav\u0131rlarla taraftarlar\u0131m\u0131z\u0131 tahrik etse de B\u0130ZN\u0130LLAH Bu sene \u015eAMP\u0130YON MARD\u0130N 1969 SPOR\u2019dur.<\/p>\n<p><strong><em>\u00a0<\/em><\/strong><\/p>\n<p><strong><em>\u00a0<\/em><\/strong><\/p>\n<p><strong><em>Mardin i\u00e7in 3.Lig ba\u015far\u0131 de\u011fil. Bir an \u00f6nce \u00fcst liglere \u00e7\u0131kmal\u0131 ve orada kal\u0131c\u0131 olmal\u0131y\u0131z. Haydi Mardin Hep beraber Bunun temellerini atal\u0131m.<\/em><\/strong><\/p>\n<p>&nbsp;<\/p>\n","protected":false},"excerpt":{"rendered":"<p>&nbsp; D\u00fcnyaya \u0131\u015f\u0131k tutacak medeniyetler tarihine yeni bir sayfan a\u00e7an Mardinimizin g\u00f6z bebe\u011fi olan MARD\u0130N 1969 SPOR Kul\u00fcb\u00fcn\u00fcn durumu ile ilgili yapmam\u0131z ve yap\u0131lmas\u0131 gerekenler vard\u0131r kanat\u0131mca. \u015emdi bunlar\u0131n neler oldu\u011funa bakal\u0131m sevgili sporseverler. Nesine 3.Lig 4.Grupta zirvenin 1 puan gerisinde m\u00fccadele eden MARD\u0130N1969 Sporumuz \u015ferefli bayra\u011f\u0131n\u0131 elimize al\u0131p kutlu y\u00fcr\u00fcy\u00fc\u015fe ge\u00e7meliyiz. Saha i\u00e7inde ve [&hellip;]<\/p>\n","protected":false},"author":10,"featured_media":0,"comment_status":"open","ping_status":"open","sticky":false,"template":"","format":"standard","meta":{"footnotes":""},"categories":[24],"tags":[],"class_list":["post-104654","post","type-post","status-publish","format-standard","hentry","category-yazarlar"],"_links":{"self":[{"href":"https:\/\/mardinhaberyolu.com\/index.php?rest_route=\/wp\/v2\/posts\/104654","targetHints":{"allow":["GET"]}}],"collection":[{"href":"https:\/\/mardinhaberyolu.com\/index.php?rest_route=\/wp\/v2\/posts"}],"about":[{"href":"https:\/\/mardinhaberyolu.com\/index.php?rest_route=\/wp\/v2\/types\/post"}],"author":[{"embeddable":true,"href":"https:\/\/mardinhaberyolu.com\/index.php?rest_route=\/wp\/v2\/users\/10"}],"replies":[{"embeddable":true,"href":"https:\/\/mardinhaberyolu.com\/index.php?rest_route=%2Fwp%2Fv2%2Fcomments&post=104654"}],"version-history":[{"count":1,"href":"https:\/\/mardinhaberyolu.com\/index.php?rest_route=\/wp\/v2\/posts\/104654\/revisions"}],"predecessor-version":[{"id":104655,"href":"https:\/\/mardinhaberyolu.com\/index.php?rest_route=\/wp\/v2\/posts\/104654\/revisions\/104655"}],"wp:attachment":[{"href":"https:\/\/mardinhaberyolu.com\/index.php?rest_route=%2Fwp%2Fv2%2Fmedia&parent=104654"}],"wp:term":[{"taxonomy":"category","embeddable":true,"href":"https:\/\/mardinhaberyolu.com\/index.php?rest_route=%2Fwp%2Fv2%2Fcategories&post=104654"},{"taxonomy":"post_tag","embeddable":true,"href":"https:\/\/mardinhaberyolu.com\/index.php?rest_route=%2Fwp%2Fv2%2Ftags&post=104654"}],"curies":[{"name":"wp","href":"https:\/\/api.w.org\/{rel}","templated":true}]}}