{"id":103822,"date":"2024-12-05T05:35:24","date_gmt":"2024-12-05T05:35:24","guid":{"rendered":"https:\/\/mardinhaberyolu.com\/?p=103822"},"modified":"2024-12-05T05:35:24","modified_gmt":"2024-12-05T05:35:24","slug":"mardinde-feci-kaza-cok-sayida-yarali-var-yaralilar-arasinda-cocuklar-da-var","status":"publish","type":"post","link":"https:\/\/mardinhaberyolu.com\/?p=103822","title":{"rendered":"Mardin&#8217;de feci kaza! \u00c7ok say\u0131da yaral\u0131 var&#8230;Yaral\u0131lar aras\u0131nda \u00e7ocuklar da var"},"content":{"rendered":"<div class=\"news-para\">\n<p>Kaza, ak\u015fam saatlerinde Derik il\u00e7esi \u00c7ukursu K\u00f6y\u00fcnde meydana geldi.<\/p>\n<p>S\u00fcr\u00fcc\u00fcs\u00fcn\u00fcn ismi ve plakas\u0131 \u00f6\u011frenilemeyen otomobil, seyir halindeyken s\u00fcr\u00fcc\u00fcs\u00fcn\u00fcn direksiyon hakimiyetini kaybetmesi sonucu takla att\u0131.<\/p>\n<div class=\"google-auto-placed ap_container\"><ins class=\"adsbygoogle adsbygoogle-noablate\" data-ad-format=\"auto\" data-ad-client=\"ca-pub-7389218285214369\" data-adsbygoogle-status=\"done\" data-ad-status=\"unfilled\"><\/p>\n<div id=\"aswift_1_host\"><iframe id=\"aswift_1\" tabindex=\"0\" title=\"Advertisement\" src=\"https:\/\/googleads.g.doubleclick.net\/pagead\/ads?client=ca-pub-7389218285214369&amp;output=html&amp;h=300&amp;adk=2565205181&amp;adf=2240806443&amp;pi=t.aa~a.3026227224~i.3~rp.4&amp;w=360&amp;abgtt=11&amp;lmt=1733376708&amp;num_ads=1&amp;rafmt=1&amp;armr=3&amp;sem=mc&amp;pwprc=5687070080&amp;ad_type=text_image&amp;format=360x300&amp;url=https%3A%2F%2Fwww.mardinlife.com%2Fgundem%2Fmardin-de-feci-kaza-cok-sayida-yarali-var-yaralilar-arasinda-cocuklar-da-var&amp;fwr=1&amp;pra=3&amp;rh=280&amp;rw=336&amp;rpe=1&amp;resp_fmts=3&amp;sfro=1&amp;wgl=1&amp;fa=27&amp;uach=WyJBbmRyb2lkIiwiMTQuMC4wIiwiIiwiUk1YMzcxMCIsIjEzMS4wLjY3NzguODEiLG51bGwsMSxudWxsLCIiLFtbIkdvb2dsZSBDaHJvbWUiLCIxMzEuMC42Nzc4LjgxIl0sWyJDaHJvbWl1bSIsIjEzMS4wLjY3NzguODEiXSxbIk5vdF9BIEJyYW5kIiwiMjQuMC4wLjAiXV0sMF0.&amp;dt=1733376708480&amp;bpp=5&amp;bdt=744&amp;idt=5&amp;shv=r20241120&amp;mjsv=m202411190101&amp;ptt=9&amp;saldr=aa&amp;abxe=1&amp;cookie=ID%3D57964192a2dadd15%3AT%3D1716694664%3ART%3D1733376701%3AS%3DALNI_MYOlYyDAtuVo9Hl8yuTSrjQ51Yj5Q&amp;gpic=UID%3D00000e2de629da89%3AT%3D1716694664%3ART%3D1733376701%3AS%3DALNI_MbDfmLA-CvcRCvYUAy_qJlEJhUyZA&amp;eo_id_str=ID%3D98bde38edf375f77%3AT%3D1733376701%3ART%3D1733376701%3AS%3DAA-AfjYpUJyUqSJG1LBoAhO2S-Fm&amp;prev_fmts=0x0&amp;nras=2&amp;correlator=448554966323&amp;frm=20&amp;pv=1&amp;u_tz=180&amp;u_his=2&amp;u_h=800&amp;u_w=360&amp;u_ah=800&amp;u_aw=360&amp;u_cd=24&amp;u_sd=3&amp;dmc=8&amp;adx=0&amp;ady=1311&amp;biw=360&amp;bih=664&amp;scr_x=0&amp;scr_y=0&amp;eid=95332925%2C31088457%2C95345967%2C95347756&amp;oid=2&amp;pvsid=2403327772699261&amp;tmod=1313891316&amp;uas=0&amp;nvt=1&amp;ref=https%3A%2F%2Fwww.mardinlife.com%2F&amp;fc=1408&amp;brdim=0%2C0%2C0%2C0%2C360%2C0%2C360%2C664%2C372%2C686&amp;vis=1&amp;rsz=%7C%7Cs%7C&amp;abl=NS&amp;fu=1152&amp;bc=31&amp;bz=0.97&amp;td=1&amp;tdf=0&amp;psd=W251bGwsbnVsbCxudWxsLDFd&amp;nt=1&amp;ifi=2&amp;uci=a!2&amp;btvi=1&amp;fsb=1&amp;dtd=17\" name=\"aswift_1\" width=\"360\" height=\"0\" frameborder=\"0\" marginwidth=\"0\" marginheight=\"0\" scrolling=\"no\" sandbox=\"allow-forms allow-popups allow-popups-to-escape-sandbox allow-same-origin allow-scripts allow-top-navigation-by-user-activation\" data-google-container-id=\"a!2\" aria-label=\"Advertisement\" data-google-query-id=\"CKOnl7jzj4oDFaWW_QcdvKsv-A\" data-load-complete=\"true\" data-mce-fragment=\"1\"><\/iframe><\/div>\n<p><\/ins><\/div>\n<p>\u0130hbar \u00fczerine b\u00f6lgeye 112 Acil Sa\u011fl\u0131k ve \u0130tfaiye ekipleri sevk edildi.<\/p>\n<p>Kazada ara\u00e7ta bulunan M.\u00d6 (65), F.\u00c7 (38), R.\u00c7 (35), Y.\u00c7 (6), G.\u00c7 (5), E.\u00c7 (4) ve F.\u00c7 (2) yaraland\u0131.<\/p>\n<p>Yaral\u0131 vatanda\u015flar olay yerindeki ilk m\u00fcdahalelerinin ard\u0131ndan sa\u011fl\u0131k ekiplerince Derik Devlet Hastanesine kald\u0131r\u0131ld\u0131.<\/p>\n<p>Kazayla ilgili soru\u015fturma ba\u015flat\u0131ld\u0131<\/p>\n<p>Kaynak:Be\u015fir Savur-Mardin Life<\/p>\n<\/div>\n","protected":false},"excerpt":{"rendered":"<p>Mardin&#8217;in Derik il\u00e7esinde meydana gelen trafik kazas\u0131nda 4&#8217;\u00fc \u00e7ocuk 7 ki\u015fi yaralanarak hastaneye kald\u0131r\u0131ld\u0131.<\/p>\n","protected":false},"author":1,"featured_media":103823,"comment_status":"open","ping_status":"open","sticky":false,"template":"","format":"standard","meta":{"footnotes":""},"categories":[9,18,30],"tags":[],"class_list":["post-103822","post","type-post","status-publish","format-standard","has-post-thumbnail","hentry","category-mardin","category-toplumsal-yasam-gundem","category-ust-manset"],"_links":{"self":[{"href":"https:\/\/mardinhaberyolu.com\/index.php?rest_route=\/wp\/v2\/posts\/103822","targetHints":{"allow":["GET"]}}],"collection":[{"href":"https:\/\/mardinhaberyolu.com\/index.php?rest_route=\/wp\/v2\/posts"}],"about":[{"href":"https:\/\/mardinhaberyolu.com\/index.php?rest_route=\/wp\/v2\/types\/post"}],"author":[{"embeddable":true,"href":"https:\/\/mardinhaberyolu.com\/index.php?rest_route=\/wp\/v2\/users\/1"}],"replies":[{"embeddable":true,"href":"https:\/\/mardinhaberyolu.com\/index.php?rest_route=%2Fwp%2Fv2%2Fcomments&post=103822"}],"version-history":[{"count":1,"href":"https:\/\/mardinhaberyolu.com\/index.php?rest_route=\/wp\/v2\/posts\/103822\/revisions"}],"predecessor-version":[{"id":103824,"href":"https:\/\/mardinhaberyolu.com\/index.php?rest_route=\/wp\/v2\/posts\/103822\/revisions\/103824"}],"wp:featuredmedia":[{"embeddable":true,"href":"https:\/\/mardinhaberyolu.com\/index.php?rest_route=\/wp\/v2\/media\/103823"}],"wp:attachment":[{"href":"https:\/\/mardinhaberyolu.com\/index.php?rest_route=%2Fwp%2Fv2%2Fmedia&parent=103822"}],"wp:term":[{"taxonomy":"category","embeddable":true,"href":"https:\/\/mardinhaberyolu.com\/index.php?rest_route=%2Fwp%2Fv2%2Fcategories&post=103822"},{"taxonomy":"post_tag","embeddable":true,"href":"https:\/\/mardinhaberyolu.com\/index.php?rest_route=%2Fwp%2Fv2%2Ftags&post=103822"}],"curies":[{"name":"wp","href":"https:\/\/api.w.org\/{rel}","templated":true}]}}